{"id":53208,"date":"2023-11-04T09:22:20","date_gmt":"2023-11-04T08:22:20","guid":{"rendered":"https:\/\/www.franz-josef.cz\/?p=53208"},"modified":"2023-11-16T17:34:13","modified_gmt":"2023-11-16T16:34:13","slug":"stary-most-most-cisara-franze-jozefa-i-v-pressburgu-bratislave","status":"publish","type":"post","link":"https:\/\/www.franz-josef.cz\/de\/2023\/11\/stary-most-most-cisara-franze-jozefa-i-v-pressburgu-bratislave\/","title":{"rendered":"1. ALTE BR\u00dcCKE IN BRATISLAVA \u2013 KAISER FRANZ JOSEPH I. BR\u00dcCKE IN PRESSBURG \u2013 BRATISLAVA\n\u200b"},"content":{"rendered":"<p><strong>Br\u00fccke<\/strong><strong>\u00a0<\/strong><strong>Franz Joseph I<\/strong><strong><br \/>\n<\/strong>Bratislavsk\u00e9 noviny 13-14\/6. VII. 2000, BRATISLAVA, \u0160tefan Hol\u010d\u00edk<\/p>\n<p>In Bratislava sind nur wenige Geb\u00e4ude erhalten, die mit dem Namen des ehemaligen \u00f6sterreichischen Kaisers und ungarischen K\u00f6nigs Franti\u0161ek Jozef (1830 \u2013 1916) in Verbindung gebracht werden k\u00f6nnten. Ich denke, das einzige authentische Denkmal f\u00fcr diese legend\u00e4re Figur der mitteleurop\u00e4ischen Geschichte ist die Alte Br\u00fccke. Eigentlich nur die verbliebenen Teile, denn nach der Zerst\u00f6rung am Ende des Zweiten Weltkriegs wurde der zentrale Teil durch einen Neubau mit einer anderen Silhouette als der urspr\u00fcnglichen ersetzt.<\/p>\n<p><img fetchpriority=\"high\" decoding=\"async\" class=\"alignnone size-full wp-image-53210\" src=\"https:\/\/www.franz-josef.cz\/wp-content\/uploads\/2023\/11\/MOST-1903.jpg\" alt=\"\" width=\"897\" height=\"569\" srcset=\"https:\/\/www.franz-josef.cz\/wp-content\/uploads\/2023\/11\/MOST-1903.jpg 897w, https:\/\/www.franz-josef.cz\/wp-content\/uploads\/2023\/11\/MOST-1903-300x190.jpg 300w, https:\/\/www.franz-josef.cz\/wp-content\/uploads\/2023\/11\/MOST-1903-768x487.jpg 768w, https:\/\/www.franz-josef.cz\/wp-content\/uploads\/2023\/11\/MOST-1903-18x12.jpg 18w\" sizes=\"(max-width: 897px) 100vw, 897px\" \/>Most v roce 1903<br \/>\nDer Bau einer stabilen Br\u00fccke \u00fcber die Donau im Gebiet des heutigen Bratislava war bis zum Ende des 19. Jahrhunderts unm\u00f6glich. Erst mit der Regulierung des Hauptflusses des Flusses und der St\u00e4rkung seiner Ufer (1870-1890) konnte \u00fcber den Bau einer festen Br\u00fccke nachgedacht werden. Die Br\u00fccke wurde schlie\u00dflich unter dem mittelalterlichen historischen Kern gebaut, an der Stelle, an der \u00fcber die Schaffung eines modernen Viertels nachgedacht wurde. Bereits am 9. April 1877 stimmte der Stadtrat dem Bau einer massiven Br\u00fccke zu. Es wurde eine Kommission eingesetzt, die sich mit der Eisenbahngesellschaft Pova\u017e, die bereits den Bau geplant hatte, \u00fcber den Bau einigen sollte\u00a0 <u>\u00a0 <\/u><a href=\"https:\/\/www.rail.sk\/arp\/slovakia\/history\/h132-5.htm\">Bahnanbindung nach Sopron<\/a>\u00a0(Oedenburg).<br \/>\nBis mit dem Bau begonnen werden konnte, vergingen mehr als 10 Jahre. Sie begannen im April 1889 mit den Arbeiten. Seitens der ungarischen Regierung war der damalige Handelsminister G\u00e1bor Baross f\u00fcr den Bau der Br\u00fccke verantwortlich, der Bau wurde von der Regierung finanziert. Das Br\u00fcckenprojekt wurde vom Ingenieur Francois de Sales Cathry entwickelt, der in Budapest lebte und mit seinem Bruder Eduard ein modernes Bau- und Handelsunternehmen betrieb. Die Pre\u0161porsk\u00fd-Br\u00fccke wurde jedoch von einem \u00f6rtlichen Gesch\u00e4ftsmann, dem Oberingenieur der Stadt Anton Sendlein (1842 \u2013 1918), erbaut. In damaligen Berichten wird betont, dass die Br\u00fccke ausschlie\u00dflich aus einheimischen, also ungarischen Materialien gebaut wurde. Bereits am 6. Oktober 1890 war die Br\u00fccke so weit fertig, dass der Stadtrat das Handelsministerium offiziell um Erlaubnis zur feierlichen Inbetriebnahme der Br\u00fccke bitten konnte. Gleichzeitig schickten sie ihre Vertreter nach Wien, um den Kaiser und den K\u00f6nig respektvoll um Erlaubnis zu bitten, die Br\u00fccke mit seinem Namen versehen zu d\u00fcrfen.<\/p>\n<p>&nbsp;<\/p>\n<p><img decoding=\"async\" class=\"alignnone size-full wp-image-53225 lazyload\" data-src=\"https:\/\/www.franz-josef.cz\/wp-content\/uploads\/2023\/11\/FJI-PRESSBURG.jpg\" alt=\"\" width=\"2000\" height=\"1533\" data-srcset=\"https:\/\/www.franz-josef.cz\/wp-content\/uploads\/2023\/11\/FJI-PRESSBURG.jpg 2000w, https:\/\/www.franz-josef.cz\/wp-content\/uploads\/2023\/11\/FJI-PRESSBURG-300x230.jpg 300w, https:\/\/www.franz-josef.cz\/wp-content\/uploads\/2023\/11\/FJI-PRESSBURG-1024x785.jpg 1024w, https:\/\/www.franz-josef.cz\/wp-content\/uploads\/2023\/11\/FJI-PRESSBURG-768x589.jpg 768w, https:\/\/www.franz-josef.cz\/wp-content\/uploads\/2023\/11\/FJI-PRESSBURG-1536x1177.jpg 1536w, https:\/\/www.franz-josef.cz\/wp-content\/uploads\/2023\/11\/FJI-PRESSBURG-16x12.jpg 16w\" data-sizes=\"(max-width: 2000px) 100vw, 2000px\" src=\"data:image\/gif;base64,R0lGODlhAQABAAAAACH5BAEKAAEALAAAAAABAAEAAAICTAEAOw==\" style=\"--smush-placeholder-width: 2000px; --smush-placeholder-aspect-ratio: 2000\/1533;\" \/><noscript><img decoding=\"async\" class=\"alignnone size-full wp-image-53225\" src=\"https:\/\/www.franz-josef.cz\/wp-content\/uploads\/2023\/11\/FJI-PRESSBURG.jpg\" alt=\"\" width=\"2000\" height=\"1533\" srcset=\"https:\/\/www.franz-josef.cz\/wp-content\/uploads\/2023\/11\/FJI-PRESSBURG.jpg 2000w, https:\/\/www.franz-josef.cz\/wp-content\/uploads\/2023\/11\/FJI-PRESSBURG-300x230.jpg 300w, https:\/\/www.franz-josef.cz\/wp-content\/uploads\/2023\/11\/FJI-PRESSBURG-1024x785.jpg 1024w, https:\/\/www.franz-josef.cz\/wp-content\/uploads\/2023\/11\/FJI-PRESSBURG-768x589.jpg 768w, https:\/\/www.franz-josef.cz\/wp-content\/uploads\/2023\/11\/FJI-PRESSBURG-1536x1177.jpg 1536w, https:\/\/www.franz-josef.cz\/wp-content\/uploads\/2023\/11\/FJI-PRESSBURG-16x12.jpg 16w\" sizes=\"(max-width: 2000px) 100vw, 2000px\" \/><\/noscript><\/p>\n<p><strong>Und so fand am 30. Dezember 1890 um 10.15 Uhr die feierliche Er\u00f6ffnung der Br\u00fccke im Beisein von Kaiser Franti\u0161ek Jozef selbst statt.<\/strong>\u00a0Am 1. Januar 1891 rumpelten die ersten Waggons mit G\u00fctern daran vorbei. Nach der Er\u00f6ffnung der Br\u00fccke fand um zwei Uhr nachmittags eine kaiserliche Audienz f\u00fcr ausgew\u00e4hlte G\u00e4ste statt (Prunkkleidung oder Frack und wei\u00dfe Krawatte waren obligatorisch), und am Abend zuvor war die Elite von Pre\u0161por anwesend das feierliche Abendessen im Primatenpalast.<\/p>\n<p>In historischen Berichten lesen wir, dass der Bau der Br\u00fccke 1.780.000 Gulden gekostet habe. Sieben massive, auf Pfeilern errichtete Steinbl\u00f6cke trugen eine 460 Meter lange und 6,5 Meter breite Br\u00fccke, deren mittlerer Teil durch die Aufh\u00e4ngung an einem massiven Eisenbogen verst\u00e4rkt wurde. Zun\u00e4chst wurde nur eine Br\u00fccke f\u00fcr Autos und Fu\u00dfg\u00e4nger gebaut, doch bald wurde auch eine parallele, schmalere Br\u00fccke f\u00fcr die Eisenbahn fertiggestellt, die auf denselben Steinpfeilern ruht. Die Br\u00fccke wurde so hoch gebaut, dass Schiffe sogar auf dem h\u00f6chsten Pegel der Donau unter ihr hindurchfahren konnten.\n\u200b<br \/>\nDie Br\u00fccke wurde nach Kaiser und K\u00f6nig Franz Joseph (\u201eK\u00f6nig Franz Josef-Br\u00fccke\u201c, \u201eFerenc J\u00f3zsef-h\u00edd\u201c) benannt. Dies war auf Bronzetafeln an den Zug\u00e4ngen zur Br\u00fccke angegeben. Dar\u00fcber standen dekorative gusseiserne Laternenpf\u00e4hle, die bis heute erhalten blieben In den 60er Jahren unseres Jahrhunderts wurde f\u00fcr die Nutzung der Br\u00fccke zu ihrer Instandhaltung eine Maut erhoben. Auf beiden Seiten der Br\u00fccke wurden Mautstellen f\u00fcr die Mauteinnehmer errichtet, die wie durch ein Wunder noch heute stehen. Ab 1914 bef\u00f6rderte sie Passagiere von und nach Wien\u00a0<a href=\"https:\/\/www.rail.sk\/arp\/slovakia\/history\/h404.htm\">elektrische Eisenbahn<\/a>entlang der im Stra\u00dfenteil der Br\u00fccke eingebauten Schienen. In ihrer urspr\u00fcnglichen Form diente die Br\u00fccke bis 1945 dem Verkehr. Nach ihrer Zerst\u00f6rung wurde ihr Mittelteil durch ein vereinfachtes Behelfsbauwerk ersetzt. Auch nach dem Krieg bef\u00f6rderte die Stra\u00dfenbahn Fahrg\u00e4ste, allerdings nur bis Petr\u017ealka.\n\u200b<\/p>\n<p>Tod eines S\u00e4ngers<\/p>\n<ol start=\"13\">\n<li>Im 13.April 1981 reiste Ji\u0159\u00ed Schelinger auf Einladung des Bratislavaer Studios des Tschechoslowakischen Fernsehens nach Bratislava, um hier seinen Filmhit \u201eCo\u017e t\u00e1chle dat si spen\u00e1t\u201c f\u00fcr die Wiedergabe aufzunehmen. Unter noch ungekl\u00e4rten Umst\u00e4nden sprang er von der Alten Br\u00fccke Bratislavas in die Donau und schaffte es nie lebend wieder heraus.<\/li>\n<\/ol>\n<p><img decoding=\"async\" class=\"alignnone size-full wp-image-53213 lazyload\" data-src=\"https:\/\/www.franz-josef.cz\/wp-content\/uploads\/2023\/11\/Jiri-Shelinger.webp\" alt=\"\" width=\"470\" height=\"296\" data-srcset=\"https:\/\/www.franz-josef.cz\/wp-content\/uploads\/2023\/11\/Jiri-Shelinger.webp 470w, https:\/\/www.franz-josef.cz\/wp-content\/uploads\/2023\/11\/Jiri-Shelinger-300x189.webp 300w, https:\/\/www.franz-josef.cz\/wp-content\/uploads\/2023\/11\/Jiri-Shelinger-18x12.webp 18w\" data-sizes=\"(max-width: 470px) 100vw, 470px\" src=\"data:image\/gif;base64,R0lGODlhAQABAAAAACH5BAEKAAEALAAAAAABAAEAAAICTAEAOw==\" style=\"--smush-placeholder-width: 470px; --smush-placeholder-aspect-ratio: 470\/296;\" \/><noscript><img decoding=\"async\" class=\"alignnone size-full wp-image-53213\" src=\"https:\/\/www.franz-josef.cz\/wp-content\/uploads\/2023\/11\/Jiri-Shelinger.webp\" alt=\"\" width=\"470\" height=\"296\" srcset=\"https:\/\/www.franz-josef.cz\/wp-content\/uploads\/2023\/11\/Jiri-Shelinger.webp 470w, https:\/\/www.franz-josef.cz\/wp-content\/uploads\/2023\/11\/Jiri-Shelinger-300x189.webp 300w, https:\/\/www.franz-josef.cz\/wp-content\/uploads\/2023\/11\/Jiri-Shelinger-18x12.webp 18w\" sizes=\"(max-width: 470px) 100vw, 470px\" \/><\/noscript><\/p>\n<p>Ji\u0159\u00ed Schelinger<\/p>\n<p>Nachdem die Alte Br\u00fccke 2008\/2010 geschlossen wurde, wurde 2014\u20132016 die heutige Br\u00fccke gebaut. Es wurde im Mai 2016 er\u00f6ffnet.<\/p>\n<p>Das vorgeschlagene Konzept kommt der nostalgischen Beziehung der Stadtb\u00fcrger zur urspr\u00fcnglichen Alten Br\u00fccke entgegen. Die \u201eNeue\u201c Alte Br\u00fccke hat eine deutlich gr\u00f6\u00dfere Spannweite der Hauptspannweite als die Originalbr\u00fccke, eine deutlich gr\u00f6\u00dfere Breite, gro\u00dfz\u00fcgige Gehwege, ist durchgehend und verschwei\u00dft. Es ist in jeder Hinsicht eine moderne Br\u00fccke. Es handelt sich also um eine andere Br\u00fccke als die urspr\u00fcngliche Alte Br\u00fccke.<\/p>\n<p>Grundlegende technische Parameter der Br\u00fccke:<\/p>\n<ul>\n<li>Die Spannweiten der Br\u00fcckenfelder sind so angepasst, dass sie den Anforderungen des regul\u00e4ren Spurweitenma\u00dfes von 100 \u00d7 10 m entsprechen. Erreicht wurde dies durch die Entfernung der urspr\u00fcnglichen St\u00fctzen 3 und 4 im Donauverlauf (sie befanden sich im schlechtesten technischen Zustand), die durch die neuen St\u00fctzen 34 ersetzt wurden.<\/li>\n<li>Die Spannweiten der Felder betragen 32,24 + 106,68 + 137,16 + 75,60 + 75,92 + 32,24 m, die Gesamtl\u00e4nge der Br\u00fccke betr\u00e4gt 465,00 m.\n\u200b<\/li>\n<li>Das Tragwerk der Br\u00fccke besteht aus 2 durchgehenden Stahlfachwerken. Auch die Quertr\u00e4ger der Br\u00fccke unter der Fahrbahn und der Gehsteigteil bestehen aus Stahlfachwerken. Die Elemente dieser Traversensysteme sind geschwei\u00dfte oder gewalzte H-Profile. Das Br\u00fcckendeck des Stra\u00dfenabschnitts besteht aus einer Stahlbetonplatte mit Stahlrechtecken unter den Schienen.<\/li>\n<li>Die Br\u00fccke verf\u00fcgt auf beiden Seiten \u00fcber gro\u00dfz\u00fcgige 5,00 m breite Gehwege (Fu\u00dfg\u00e4nger und Radfahrer), Aussichtsterrassen mit Sitzb\u00e4nken und Begr\u00fcnung \u00fcber den St\u00fctzen im Bachlauf<\/li>\n<\/ul>\n<p>Beim Bau des neuen Pfeilers 34 werden Granitbl\u00f6cke der urspr\u00fcnglichen Pfeiler 3 und 4 verwendet, was die optische Einheitlichkeit der Oberfl\u00e4chen aller Pfeiler gew\u00e4hrleistet.<\/p>\n<p>&nbsp;<\/p>\n<p>Der Auftragnehmer dieser interessanten Br\u00fccke ist EUROVIA CS, \u00fcber das Werk Mosty a Konstruktion. Es ist jedoch notwendig, andere Lieferanten hervorzuheben, ohne deren Beitrag das Projekt nicht erfolgreich gewesen w\u00e4re. Der gr\u00f6\u00dfte Teil der Designarbeit wurde vom Designb\u00fcro Str\u00e1sk\u00fd, Hust\u00fd und Partnern erbracht. Weitere Designpartner waren Alfa 04 und IKP sowie mehrere Projekte f\u00fcr die technische Dokumentation der Teilproduktion. Bei anderen Aktivit\u00e4ten arbeiteten sie zusammen, zum Beispiel mit Construction Construction, Keller, Felbermayer, OKT, V\u00edtkovice Power Engineering, Hutn\u00ed mont\u00e1je und vielen anderen. Wir k\u00f6nnen die sachliche Haltung des Bauleiters Metro sowie Vertreter der Stadt Bratislava nicht ignorieren.<\/p>\n<p>&nbsp;<\/p>\n<p><img decoding=\"async\" class=\"alignnone size-full wp-image-53211 lazyload\" data-src=\"https:\/\/www.franz-josef.cz\/wp-content\/uploads\/2023\/11\/MOST-2016-1.jpg\" alt=\"\" width=\"892\" height=\"670\" data-srcset=\"https:\/\/www.franz-josef.cz\/wp-content\/uploads\/2023\/11\/MOST-2016-1.jpg 892w, https:\/\/www.franz-josef.cz\/wp-content\/uploads\/2023\/11\/MOST-2016-1-300x225.jpg 300w, https:\/\/www.franz-josef.cz\/wp-content\/uploads\/2023\/11\/MOST-2016-1-768x577.jpg 768w, https:\/\/www.franz-josef.cz\/wp-content\/uploads\/2023\/11\/MOST-2016-1-16x12.jpg 16w\" data-sizes=\"(max-width: 892px) 100vw, 892px\" src=\"data:image\/gif;base64,R0lGODlhAQABAAAAACH5BAEKAAEALAAAAAABAAEAAAICTAEAOw==\" style=\"--smush-placeholder-width: 892px; --smush-placeholder-aspect-ratio: 892\/670;\" \/><noscript><img loading=\"lazy\" decoding=\"async\" class=\"alignnone size-full wp-image-53211\" src=\"https:\/\/www.franz-josef.cz\/wp-content\/uploads\/2023\/11\/MOST-2016-1.jpg\" alt=\"\" width=\"892\" height=\"670\" srcset=\"https:\/\/www.franz-josef.cz\/wp-content\/uploads\/2023\/11\/MOST-2016-1.jpg 892w, https:\/\/www.franz-josef.cz\/wp-content\/uploads\/2023\/11\/MOST-2016-1-300x225.jpg 300w, https:\/\/www.franz-josef.cz\/wp-content\/uploads\/2023\/11\/MOST-2016-1-768x577.jpg 768w, https:\/\/www.franz-josef.cz\/wp-content\/uploads\/2023\/11\/MOST-2016-1-16x12.jpg 16w\" sizes=\"(max-width: 892px) 100vw, 892px\" \/><\/noscript><\/p>\n<p>&nbsp;<\/p>\n<p><img decoding=\"async\" class=\"alignnone size-full wp-image-53212 lazyload\" data-src=\"https:\/\/www.franz-josef.cz\/wp-content\/uploads\/2023\/11\/MOST-2016-2.jpg\" alt=\"\" width=\"1052\" height=\"696\" data-srcset=\"https:\/\/www.franz-josef.cz\/wp-content\/uploads\/2023\/11\/MOST-2016-2.jpg 1052w, https:\/\/www.franz-josef.cz\/wp-content\/uploads\/2023\/11\/MOST-2016-2-300x198.jpg 300w, https:\/\/www.franz-josef.cz\/wp-content\/uploads\/2023\/11\/MOST-2016-2-1024x677.jpg 1024w, https:\/\/www.franz-josef.cz\/wp-content\/uploads\/2023\/11\/MOST-2016-2-768x508.jpg 768w, https:\/\/www.franz-josef.cz\/wp-content\/uploads\/2023\/11\/MOST-2016-2-18x12.jpg 18w\" data-sizes=\"(max-width: 1052px) 100vw, 1052px\" src=\"data:image\/gif;base64,R0lGODlhAQABAAAAACH5BAEKAAEALAAAAAABAAEAAAICTAEAOw==\" style=\"--smush-placeholder-width: 1052px; --smush-placeholder-aspect-ratio: 1052\/696;\" \/><noscript><img loading=\"lazy\" decoding=\"async\" class=\"alignnone size-full wp-image-53212\" src=\"https:\/\/www.franz-josef.cz\/wp-content\/uploads\/2023\/11\/MOST-2016-2.jpg\" alt=\"\" width=\"1052\" height=\"696\" srcset=\"https:\/\/www.franz-josef.cz\/wp-content\/uploads\/2023\/11\/MOST-2016-2.jpg 1052w, https:\/\/www.franz-josef.cz\/wp-content\/uploads\/2023\/11\/MOST-2016-2-300x198.jpg 300w, https:\/\/www.franz-josef.cz\/wp-content\/uploads\/2023\/11\/MOST-2016-2-1024x677.jpg 1024w, https:\/\/www.franz-josef.cz\/wp-content\/uploads\/2023\/11\/MOST-2016-2-768x508.jpg 768w, https:\/\/www.franz-josef.cz\/wp-content\/uploads\/2023\/11\/MOST-2016-2-18x12.jpg 18w\" sizes=\"(max-width: 1052px) 100vw, 1052px\" \/><\/noscript><\/p>\n<p>Die Br\u00fccke nach dem Wiederaufbau im Jahr 2016<\/p>","protected":false},"excerpt":{"rendered":"<p>Most\u00a0Franti\u0161ka Jozefa I. Bratislavsk\u00e9 noviny 13-14\/6. VII. 2000, BRATISLAVA, \u0160tefan Hol\u010d\u00edk V Bratislave sa zachovalo len m\u00e1lo objektov, ktor\u00e9 by bolo mo\u017en\u00e9 sp\u00e1ja\u0165 s menom b\u00fdval\u00e9ho rak\u00faskeho cis\u00e1ra a uhorsk\u00e9ho kr\u00e1\u013ea Franti\u0161ka Jozefa (1830 &#8211; 1916). H\u00e1dam jedinou autentickou pamiatkou na t\u00fato legend\u00e1rnu postavu stredoeur\u00f3pskych dej\u00edn je Star\u00fd most . Vlastne len jeho n\u00e1jazdov\u00e9 \u010dasti, [&hellip;]<\/p>","protected":false},"author":5,"featured_media":53212,"comment_status":"open","ping_status":"open","sticky":false,"template":"","format":"image","meta":{"inline_featured_image":false,"footnotes":""},"categories":[62],"tags":[],"class_list":["post-53208","post","type-post","status-publish","format-image","has-post-thumbnail","hentry","category-uncategorized-sk","post_format-post-format-image"],"yoast_head":"<!-- This site is optimized with the Yoast SEO Premium plugin v20.12 (Yoast SEO v27.2) - https:\/\/yoast.com\/product\/yoast-seo-premium-wordpress\/ -->\n<title>1. STAR\u00dd MOST V BRATISLAV\u011a - MOST CIS\u00c1RA FRANZE JOZEFA I. V PRESSBURGU - BRATISLAVE &#8212; Muzeum c\u00edsa\u0159e Franz Josefa I.<\/title>\n<meta name=\"robots\" content=\"index, follow, max-snippet:-1, max-image-preview:large, max-video-preview:-1\" \/>\n<link rel=\"canonical\" href=\"https:\/\/www.franz-josef.cz\/de\/2023\/11\/stary-most-most-cisara-franze-jozefa-i-v-pressburgu-bratislave\/\" \/>\n<meta property=\"og:locale\" content=\"de_DE\" \/>\n<meta property=\"og:type\" content=\"article\" \/>\n<meta property=\"og:title\" content=\"1. STAR\u00dd MOST V BRATISLAV\u011a - MOST CIS\u00c1RA FRANZE JOZEFA I. V PRESSBURGU - BRATISLAVE\" \/>\n<meta property=\"og:description\" content=\"Most\u00a0Franti\u0161ka Jozefa I. Bratislavsk\u00e9 noviny 13-14\/6. VII. 2000, BRATISLAVA, \u0160tefan Hol\u010d\u00edk V Bratislave sa zachovalo len m\u00e1lo objektov, ktor\u00e9 by bolo mo\u017en\u00e9 sp\u00e1ja\u0165 s menom b\u00fdval\u00e9ho rak\u00faskeho cis\u00e1ra a uhorsk\u00e9ho kr\u00e1\u013ea Franti\u0161ka Jozefa (1830 &#8211; 1916). H\u00e1dam jedinou autentickou pamiatkou na t\u00fato legend\u00e1rnu postavu stredoeur\u00f3pskych dej\u00edn je Star\u00fd most . Vlastne len jeho n\u00e1jazdov\u00e9 \u010dasti, [&hellip;]\" \/>\n<meta property=\"og:url\" content=\"https:\/\/www.franz-josef.cz\/de\/2023\/11\/stary-most-most-cisara-franze-jozefa-i-v-pressburgu-bratislave\/\" \/>\n<meta property=\"og:site_name\" content=\"Muzeum c\u00edsa\u0159e Franz Josefa I.\" \/>\n<meta property=\"article:published_time\" content=\"2023-11-04T08:22:20+00:00\" \/>\n<meta property=\"article:modified_time\" content=\"2023-11-16T16:34:13+00:00\" \/>\n<meta property=\"og:image\" content=\"https:\/\/www.franz-josef.cz\/wp-content\/uploads\/2023\/11\/MOST-2016-2.jpg\" \/>\n\t<meta property=\"og:image:width\" content=\"1052\" \/>\n\t<meta property=\"og:image:height\" content=\"696\" \/>\n\t<meta property=\"og:image:type\" content=\"image\/jpeg\" \/>\n<meta name=\"author\" content=\"Ji\u0159\u00ed Dan\u011bk\" \/>\n<meta name=\"twitter:card\" content=\"summary_large_image\" \/>\n<meta name=\"twitter:label1\" content=\"Verfasst von\" \/>\n\t<meta name=\"twitter:data1\" content=\"Ji\u0159\u00ed Dan\u011bk\" \/>\n\t<meta name=\"twitter:label2\" content=\"Gesch\u00e4tzte Lesezeit\" \/>\n\t<meta name=\"twitter:data2\" content=\"6\u00a0Minuten\" \/>\n<script type=\"application\/ld+json\" class=\"yoast-schema-graph\">{\"@context\":\"https:\/\/schema.org\",\"@graph\":[{\"@type\":\"Article\",\"@id\":\"https:\/\/www.franz-josef.cz\/2023\/11\/stary-most-most-cisara-franze-jozefa-i-v-pressburgu-bratislave\/#article\",\"isPartOf\":{\"@id\":\"https:\/\/www.franz-josef.cz\/2023\/11\/stary-most-most-cisara-franze-jozefa-i-v-pressburgu-bratislave\/\"},\"author\":{\"name\":\"Ji\u0159\u00ed Dan\u011bk\",\"@id\":\"https:\/\/www.franz-josef.cz\/#\/schema\/person\/e1b307480319ee78798e96cee74e07e9\"},\"headline\":\"1. STAR\u00dd MOST V BRATISLAV\u011a &#8211; MOST CIS\u00c1RA FRANZE JOZEFA I. V PRESSBURGU &#8211; BRATISLAVE\",\"datePublished\":\"2023-11-04T08:22:20+00:00\",\"dateModified\":\"2023-11-16T16:34:13+00:00\",\"mainEntityOfPage\":{\"@id\":\"https:\/\/www.franz-josef.cz\/2023\/11\/stary-most-most-cisara-franze-jozefa-i-v-pressburgu-bratislave\/\"},\"wordCount\":1153,\"commentCount\":0,\"publisher\":{\"@id\":\"https:\/\/www.franz-josef.cz\/#organization\"},\"image\":{\"@id\":\"https:\/\/www.franz-josef.cz\/2023\/11\/stary-most-most-cisara-franze-jozefa-i-v-pressburgu-bratislave\/#primaryimage\"},\"thumbnailUrl\":\"https:\/\/www.franz-josef.cz\/wp-content\/uploads\/2023\/11\/MOST-2016-2.jpg\",\"articleSection\":[\"Uncategorized\"],\"inLanguage\":\"de\",\"potentialAction\":[{\"@type\":\"CommentAction\",\"name\":\"Comment\",\"target\":[\"https:\/\/www.franz-josef.cz\/2023\/11\/stary-most-most-cisara-franze-jozefa-i-v-pressburgu-bratislave\/#respond\"]}]},{\"@type\":\"WebPage\",\"@id\":\"https:\/\/www.franz-josef.cz\/2023\/11\/stary-most-most-cisara-franze-jozefa-i-v-pressburgu-bratislave\/\",\"url\":\"https:\/\/www.franz-josef.cz\/2023\/11\/stary-most-most-cisara-franze-jozefa-i-v-pressburgu-bratislave\/\",\"name\":\"1. STAR\u00dd MOST V BRATISLAV\u011a - MOST CIS\u00c1RA FRANZE JOZEFA I. V PRESSBURGU - BRATISLAVE &#8212; Muzeum c\u00edsa\u0159e Franz Josefa I.\",\"isPartOf\":{\"@id\":\"https:\/\/www.franz-josef.cz\/#website\"},\"primaryImageOfPage\":{\"@id\":\"https:\/\/www.franz-josef.cz\/2023\/11\/stary-most-most-cisara-franze-jozefa-i-v-pressburgu-bratislave\/#primaryimage\"},\"image\":{\"@id\":\"https:\/\/www.franz-josef.cz\/2023\/11\/stary-most-most-cisara-franze-jozefa-i-v-pressburgu-bratislave\/#primaryimage\"},\"thumbnailUrl\":\"https:\/\/www.franz-josef.cz\/wp-content\/uploads\/2023\/11\/MOST-2016-2.jpg\",\"datePublished\":\"2023-11-04T08:22:20+00:00\",\"dateModified\":\"2023-11-16T16:34:13+00:00\",\"breadcrumb\":{\"@id\":\"https:\/\/www.franz-josef.cz\/2023\/11\/stary-most-most-cisara-franze-jozefa-i-v-pressburgu-bratislave\/#breadcrumb\"},\"inLanguage\":\"de\",\"potentialAction\":[{\"@type\":\"ReadAction\",\"target\":[\"https:\/\/www.franz-josef.cz\/2023\/11\/stary-most-most-cisara-franze-jozefa-i-v-pressburgu-bratislave\/\"]}]},{\"@type\":\"ImageObject\",\"inLanguage\":\"de\",\"@id\":\"https:\/\/www.franz-josef.cz\/2023\/11\/stary-most-most-cisara-franze-jozefa-i-v-pressburgu-bratislave\/#primaryimage\",\"url\":\"https:\/\/www.franz-josef.cz\/wp-content\/uploads\/2023\/11\/MOST-2016-2.jpg\",\"contentUrl\":\"https:\/\/www.franz-josef.cz\/wp-content\/uploads\/2023\/11\/MOST-2016-2.jpg\",\"width\":1052,\"height\":696},{\"@type\":\"BreadcrumbList\",\"@id\":\"https:\/\/www.franz-josef.cz\/2023\/11\/stary-most-most-cisara-franze-jozefa-i-v-pressburgu-bratislave\/#breadcrumb\",\"itemListElement\":[{\"@type\":\"ListItem\",\"position\":1,\"name\":\"Home\",\"item\":\"https:\/\/www.franz-josef.cz\/\"},{\"@type\":\"ListItem\",\"position\":2,\"name\":\"1. STAR\u00dd MOST V BRATISLAV\u011a &#8211; MOST CIS\u00c1RA FRANZE JOZEFA I. V PRESSBURGU &#8211; BRATISLAVE\"}]},{\"@type\":\"WebSite\",\"@id\":\"https:\/\/www.franz-josef.cz\/#website\",\"url\":\"https:\/\/www.franz-josef.cz\/\",\"name\":\"Muzeum c\u00edsa\u0159e Franz Josefa I.\",\"description\":\"\",\"publisher\":{\"@id\":\"https:\/\/www.franz-josef.cz\/#organization\"},\"alternateName\":\"Franz Joseph\",\"potentialAction\":[{\"@type\":\"SearchAction\",\"target\":{\"@type\":\"EntryPoint\",\"urlTemplate\":\"https:\/\/www.franz-josef.cz\/?s={search_term_string}\"},\"query-input\":{\"@type\":\"PropertyValueSpecification\",\"valueRequired\":true,\"valueName\":\"search_term_string\"}}],\"inLanguage\":\"de\"},{\"@type\":\"Organization\",\"@id\":\"https:\/\/www.franz-josef.cz\/#organization\",\"name\":\"Muzeum Franz Josefa I.\",\"alternateName\":\"Franz Jozef\",\"url\":\"https:\/\/www.franz-josef.cz\/\",\"logo\":{\"@type\":\"ImageObject\",\"inLanguage\":\"de\",\"@id\":\"https:\/\/www.franz-josef.cz\/#\/schema\/logo\/image\/\",\"url\":\"https:\/\/www.franz-josef.cz\/wp-content\/uploads\/2023\/08\/Muzeum-Franz-Jozef-logo-696x696-1.png\",\"contentUrl\":\"https:\/\/www.franz-josef.cz\/wp-content\/uploads\/2023\/08\/Muzeum-Franz-Jozef-logo-696x696-1.png\",\"width\":696,\"height\":696,\"caption\":\"Muzeum Franz Josefa I.\"},\"image\":{\"@id\":\"https:\/\/www.franz-josef.cz\/#\/schema\/logo\/image\/\"}},{\"@type\":\"Person\",\"@id\":\"https:\/\/www.franz-josef.cz\/#\/schema\/person\/e1b307480319ee78798e96cee74e07e9\",\"name\":\"Ji\u0159\u00ed Dan\u011bk\",\"image\":{\"@type\":\"ImageObject\",\"inLanguage\":\"de\",\"@id\":\"https:\/\/secure.gravatar.com\/avatar\/d5df65f07517a4ba2172682ed1006eabfcee27bfdf0a924dcc5535b72af5d4bf?s=96&d=mm&r=g\",\"url\":\"https:\/\/secure.gravatar.com\/avatar\/d5df65f07517a4ba2172682ed1006eabfcee27bfdf0a924dcc5535b72af5d4bf?s=96&d=mm&r=g\",\"contentUrl\":\"https:\/\/secure.gravatar.com\/avatar\/d5df65f07517a4ba2172682ed1006eabfcee27bfdf0a924dcc5535b72af5d4bf?s=96&d=mm&r=g\",\"caption\":\"Ji\u0159\u00ed Dan\u011bk\"},\"url\":\"https:\/\/www.franz-josef.cz\/de\/author\/jiridanek\/\"}]}<\/script>\n<!-- \/ Yoast SEO Premium plugin. -->","yoast_head_json":{"title":"1. STAR\u00dd MOST V BRATISLAV\u011a - MOST CIS\u00c1RA FRANZE JOZEFA I. V PRESSBURGU - BRATISLAVE &#8212; Muzeum c\u00edsa\u0159e Franz Josefa I.","robots":{"index":"index","follow":"follow","max-snippet":"max-snippet:-1","max-image-preview":"max-image-preview:large","max-video-preview":"max-video-preview:-1"},"canonical":"https:\/\/www.franz-josef.cz\/de\/2023\/11\/stary-most-most-cisara-franze-jozefa-i-v-pressburgu-bratislave\/","og_locale":"de_DE","og_type":"article","og_title":"1. STAR\u00dd MOST V BRATISLAV\u011a - MOST CIS\u00c1RA FRANZE JOZEFA I. V PRESSBURGU - BRATISLAVE","og_description":"Most\u00a0Franti\u0161ka Jozefa I. Bratislavsk\u00e9 noviny 13-14\/6. VII. 2000, BRATISLAVA, \u0160tefan Hol\u010d\u00edk V Bratislave sa zachovalo len m\u00e1lo objektov, ktor\u00e9 by bolo mo\u017en\u00e9 sp\u00e1ja\u0165 s menom b\u00fdval\u00e9ho rak\u00faskeho cis\u00e1ra a uhorsk\u00e9ho kr\u00e1\u013ea Franti\u0161ka Jozefa (1830 &#8211; 1916). H\u00e1dam jedinou autentickou pamiatkou na t\u00fato legend\u00e1rnu postavu stredoeur\u00f3pskych dej\u00edn je Star\u00fd most . Vlastne len jeho n\u00e1jazdov\u00e9 \u010dasti, [&hellip;]","og_url":"https:\/\/www.franz-josef.cz\/de\/2023\/11\/stary-most-most-cisara-franze-jozefa-i-v-pressburgu-bratislave\/","og_site_name":"Muzeum c\u00edsa\u0159e Franz Josefa I.","article_published_time":"2023-11-04T08:22:20+00:00","article_modified_time":"2023-11-16T16:34:13+00:00","og_image":[{"width":1052,"height":696,"url":"https:\/\/www.franz-josef.cz\/wp-content\/uploads\/2023\/11\/MOST-2016-2.jpg","type":"image\/jpeg"}],"author":"Ji\u0159\u00ed Dan\u011bk","twitter_card":"summary_large_image","twitter_misc":{"Verfasst von":"Ji\u0159\u00ed Dan\u011bk","Gesch\u00e4tzte Lesezeit":"6\u00a0Minuten"},"schema":{"@context":"https:\/\/schema.org","@graph":[{"@type":"Article","@id":"https:\/\/www.franz-josef.cz\/2023\/11\/stary-most-most-cisara-franze-jozefa-i-v-pressburgu-bratislave\/#article","isPartOf":{"@id":"https:\/\/www.franz-josef.cz\/2023\/11\/stary-most-most-cisara-franze-jozefa-i-v-pressburgu-bratislave\/"},"author":{"name":"Ji\u0159\u00ed Dan\u011bk","@id":"https:\/\/www.franz-josef.cz\/#\/schema\/person\/e1b307480319ee78798e96cee74e07e9"},"headline":"1. STAR\u00dd MOST V BRATISLAV\u011a &#8211; MOST CIS\u00c1RA FRANZE JOZEFA I. V PRESSBURGU &#8211; BRATISLAVE","datePublished":"2023-11-04T08:22:20+00:00","dateModified":"2023-11-16T16:34:13+00:00","mainEntityOfPage":{"@id":"https:\/\/www.franz-josef.cz\/2023\/11\/stary-most-most-cisara-franze-jozefa-i-v-pressburgu-bratislave\/"},"wordCount":1153,"commentCount":0,"publisher":{"@id":"https:\/\/www.franz-josef.cz\/#organization"},"image":{"@id":"https:\/\/www.franz-josef.cz\/2023\/11\/stary-most-most-cisara-franze-jozefa-i-v-pressburgu-bratislave\/#primaryimage"},"thumbnailUrl":"https:\/\/www.franz-josef.cz\/wp-content\/uploads\/2023\/11\/MOST-2016-2.jpg","articleSection":["Uncategorized"],"inLanguage":"de","potentialAction":[{"@type":"CommentAction","name":"Comment","target":["https:\/\/www.franz-josef.cz\/2023\/11\/stary-most-most-cisara-franze-jozefa-i-v-pressburgu-bratislave\/#respond"]}]},{"@type":"WebPage","@id":"https:\/\/www.franz-josef.cz\/2023\/11\/stary-most-most-cisara-franze-jozefa-i-v-pressburgu-bratislave\/","url":"https:\/\/www.franz-josef.cz\/2023\/11\/stary-most-most-cisara-franze-jozefa-i-v-pressburgu-bratislave\/","name":"1. STAR\u00dd MOST V BRATISLAV\u011a - MOST CIS\u00c1RA FRANZE JOZEFA I. V PRESSBURGU - BRATISLAVE &#8212; Muzeum c\u00edsa\u0159e Franz Josefa I.","isPartOf":{"@id":"https:\/\/www.franz-josef.cz\/#website"},"primaryImageOfPage":{"@id":"https:\/\/www.franz-josef.cz\/2023\/11\/stary-most-most-cisara-franze-jozefa-i-v-pressburgu-bratislave\/#primaryimage"},"image":{"@id":"https:\/\/www.franz-josef.cz\/2023\/11\/stary-most-most-cisara-franze-jozefa-i-v-pressburgu-bratislave\/#primaryimage"},"thumbnailUrl":"https:\/\/www.franz-josef.cz\/wp-content\/uploads\/2023\/11\/MOST-2016-2.jpg","datePublished":"2023-11-04T08:22:20+00:00","dateModified":"2023-11-16T16:34:13+00:00","breadcrumb":{"@id":"https:\/\/www.franz-josef.cz\/2023\/11\/stary-most-most-cisara-franze-jozefa-i-v-pressburgu-bratislave\/#breadcrumb"},"inLanguage":"de","potentialAction":[{"@type":"ReadAction","target":["https:\/\/www.franz-josef.cz\/2023\/11\/stary-most-most-cisara-franze-jozefa-i-v-pressburgu-bratislave\/"]}]},{"@type":"ImageObject","inLanguage":"de","@id":"https:\/\/www.franz-josef.cz\/2023\/11\/stary-most-most-cisara-franze-jozefa-i-v-pressburgu-bratislave\/#primaryimage","url":"https:\/\/www.franz-josef.cz\/wp-content\/uploads\/2023\/11\/MOST-2016-2.jpg","contentUrl":"https:\/\/www.franz-josef.cz\/wp-content\/uploads\/2023\/11\/MOST-2016-2.jpg","width":1052,"height":696},{"@type":"BreadcrumbList","@id":"https:\/\/www.franz-josef.cz\/2023\/11\/stary-most-most-cisara-franze-jozefa-i-v-pressburgu-bratislave\/#breadcrumb","itemListElement":[{"@type":"ListItem","position":1,"name":"Home","item":"https:\/\/www.franz-josef.cz\/"},{"@type":"ListItem","position":2,"name":"1. STAR\u00dd MOST V BRATISLAV\u011a &#8211; MOST CIS\u00c1RA FRANZE JOZEFA I. V PRESSBURGU &#8211; BRATISLAVE"}]},{"@type":"WebSite","@id":"https:\/\/www.franz-josef.cz\/#website","url":"https:\/\/www.franz-josef.cz\/","name":"Muzeum c\u00edsa\u0159e Franz Josefa I.","description":"","publisher":{"@id":"https:\/\/www.franz-josef.cz\/#organization"},"alternateName":"Franz Joseph","potentialAction":[{"@type":"SearchAction","target":{"@type":"EntryPoint","urlTemplate":"https:\/\/www.franz-josef.cz\/?s={search_term_string}"},"query-input":{"@type":"PropertyValueSpecification","valueRequired":true,"valueName":"search_term_string"}}],"inLanguage":"de"},{"@type":"Organization","@id":"https:\/\/www.franz-josef.cz\/#organization","name":"Muzeum Franz Josefa I.","alternateName":"Franz Jozef","url":"https:\/\/www.franz-josef.cz\/","logo":{"@type":"ImageObject","inLanguage":"de","@id":"https:\/\/www.franz-josef.cz\/#\/schema\/logo\/image\/","url":"https:\/\/www.franz-josef.cz\/wp-content\/uploads\/2023\/08\/Muzeum-Franz-Jozef-logo-696x696-1.png","contentUrl":"https:\/\/www.franz-josef.cz\/wp-content\/uploads\/2023\/08\/Muzeum-Franz-Jozef-logo-696x696-1.png","width":696,"height":696,"caption":"Muzeum Franz Josefa I."},"image":{"@id":"https:\/\/www.franz-josef.cz\/#\/schema\/logo\/image\/"}},{"@type":"Person","@id":"https:\/\/www.franz-josef.cz\/#\/schema\/person\/e1b307480319ee78798e96cee74e07e9","name":"Ji\u0159\u00ed Dan\u011bk","image":{"@type":"ImageObject","inLanguage":"de","@id":"https:\/\/secure.gravatar.com\/avatar\/d5df65f07517a4ba2172682ed1006eabfcee27bfdf0a924dcc5535b72af5d4bf?s=96&d=mm&r=g","url":"https:\/\/secure.gravatar.com\/avatar\/d5df65f07517a4ba2172682ed1006eabfcee27bfdf0a924dcc5535b72af5d4bf?s=96&d=mm&r=g","contentUrl":"https:\/\/secure.gravatar.com\/avatar\/d5df65f07517a4ba2172682ed1006eabfcee27bfdf0a924dcc5535b72af5d4bf?s=96&d=mm&r=g","caption":"Ji\u0159\u00ed Dan\u011bk"},"url":"https:\/\/www.franz-josef.cz\/de\/author\/jiridanek\/"}]}},"_links":{"self":[{"href":"https:\/\/www.franz-josef.cz\/de\/wp-json\/wp\/v2\/posts\/53208","targetHints":{"allow":["GET"]}}],"collection":[{"href":"https:\/\/www.franz-josef.cz\/de\/wp-json\/wp\/v2\/posts"}],"about":[{"href":"https:\/\/www.franz-josef.cz\/de\/wp-json\/wp\/v2\/types\/post"}],"author":[{"embeddable":true,"href":"https:\/\/www.franz-josef.cz\/de\/wp-json\/wp\/v2\/users\/5"}],"replies":[{"embeddable":true,"href":"https:\/\/www.franz-josef.cz\/de\/wp-json\/wp\/v2\/comments?post=53208"}],"version-history":[{"count":10,"href":"https:\/\/www.franz-josef.cz\/de\/wp-json\/wp\/v2\/posts\/53208\/revisions"}],"predecessor-version":[{"id":53265,"href":"https:\/\/www.franz-josef.cz\/de\/wp-json\/wp\/v2\/posts\/53208\/revisions\/53265"}],"wp:featuredmedia":[{"embeddable":true,"href":"https:\/\/www.franz-josef.cz\/de\/wp-json\/wp\/v2\/media\/53212"}],"wp:attachment":[{"href":"https:\/\/www.franz-josef.cz\/de\/wp-json\/wp\/v2\/media?parent=53208"}],"wp:term":[{"taxonomy":"category","embeddable":true,"href":"https:\/\/www.franz-josef.cz\/de\/wp-json\/wp\/v2\/categories?post=53208"},{"taxonomy":"post_tag","embeddable":true,"href":"https:\/\/www.franz-josef.cz\/de\/wp-json\/wp\/v2\/tags?post=53208"}],"curies":[{"name":"wp","href":"https:\/\/api.w.org\/{rel}","templated":true}]}}