{"id":53519,"date":"2023-12-21T16:47:15","date_gmt":"2023-12-21T15:47:15","guid":{"rendered":"https:\/\/www.franz-josef.cz\/?p=53519"},"modified":"2023-12-21T17:04:25","modified_gmt":"2023-12-21T16:04:25","slug":"hostka-u-steti-busta-cisare-fji","status":"publish","type":"post","link":"https:\/\/www.franz-josef.cz\/de\/2023\/12\/hostka-u-steti-busta-cisare-fji\/","title":{"rendered":"HOSTKA BEI \u0160T\u011aT\u00cd, B\u00dcSTE DES KAISERS FJI"},"content":{"rendered":"<p align=\"JUSTIFY\"><span style=\"font-family: TimesNewRomanPSMT, serif\"><span style=\"font-size: medium\">Gegen Ende des 19. Jahrhunderts stand auf dem kleinen Kaiser-Joseph-II.-Platz oben rechts am Hauptplatz ein Denkmal mit einer B\u00fcste von Kaiser Joseph II. Nach der Aufl\u00f6sung der \u00f6sterreichisch-ungarischen Monarchie wurde die B\u00fcste Josephs II. entfernt, aber der Sockel blieb an seinem urspr\u00fcnglichen Platz. <\/span><\/span><\/p>\n<p align=\"JUSTIFY\"><span style=\"font-family: TimesNewRomanPSMT, serif\"><span style=\"font-size: medium\">\u00a0Als sich der 80. Jahrestag der Gr\u00fcndung der tschechischen Schule in Ho\u0161tka (1918 - 1998) n\u00e4herte, beschloss die Stadtverwaltung, eine neue B\u00fcste auf den Sockel zu stellen, diesmal die von Kaiser Franz Joseph I. 1998 war auch das Jahr des 150-j\u00e4hrigen Jubil\u00e4ums der Thronbesteigung von Kaiser Franz Joseph I. Die B\u00fcste wurde von dem K\u00fcnstler V\u00e1clav Nov\u00e1k entworfen. Der K\u00fcnstler w\u00e4hlte das kaiserliche Emblem als Hauptthema des Werkes, das in der Bouda, dem ersten tschechischen Theater am Prager Pferdemarkt, aufgestellt wurde.<\/span><\/span><\/p>\n<p align=\"JUSTIFY\"><span style=\"font-family: TimesNewRomanPSMT, serif\"><span style=\"font-size: medium\"> Das Wappen stellte einen kaiserlichen Adler mit einem b\u00f6hmischen L\u00f6wen auf der Brust und der lateinischen Inschrift \"Sum umbra alarum tuarum vincit leo\" dar. Die tschechische \u00dcbersetzung des Mottos lautet: \"Im Schatten deiner Schwingen triumphiert der L\u00f6we.<\/span><\/span><\/p>\n<p align=\"JUSTIFY\"><span style=\"font-family: TimesNewRomanPSMT, serif\"><span style=\"font-size: medium\">Die Grundlage f\u00fcr die B\u00fcste war eine stark besch\u00e4digte B\u00fcste des Kaisers FJI aus der Privatsammlung von Dr. Pavel St\u0159\u00edbrn\u00fd. Der Stuckateur Zden\u011bk Vahala reparierte die B\u00fcste, bereitete sie f\u00fcr den Abguss vor und goss sie in Kunststein.<\/span><\/span><\/p>\n<p align=\"JUSTIFY\"><span style=\"font-family: TimesNewRomanPSMT, serif\"><span style=\"font-size: medium\">Die B\u00fcste von Kaiser Franz Joseph I. in Ho\u0161tka ist ein v\u00f6llig einzigartiges Werk. Sie zeigt den Kaiser in einem jungen Alter von 35 bis 40 Jahren und hat ein sehr gut gestaltetes zentrales Thema aus Metall um sich herum. Unten um die B\u00fcste herum befindet sich die b\u00f6hmische K\u00f6nigskrone, an den Seiten \u00fcber dem Kaiser sind die symbolischen Fl\u00fcgel des kaiserlichen Adlers zu sehen und ganz oben ist der siegreiche b\u00f6hmische L\u00f6we zu sehen. Die Metallelemente um die B\u00fcste wurden von Otto \u0160ubert aus Prag hergestellt. Die B\u00fcste wurde am 17. Oktober 1998 von Meister Adolf Born enth\u00fcllt. <\/span><\/span><\/p>\n<p align=\"JUSTIFY\"><span style=\"font-family: TimesNewRomanPSMT, serif\"><span style=\"font-size: medium\">Die B\u00fcste des Kaisers FJI in Verbindung mit Metallelementen gibt es meiner Meinung nach nur in Ho\u0161tka<\/span><\/span><\/p>\n<p align=\"JUSTIFY\"><img fetchpriority=\"high\" decoding=\"async\" class=\"alignnone size-full wp-image-53521\" src=\"https:\/\/www.franz-josef.cz\/wp-content\/uploads\/2023\/12\/danekhostka_5597ret-scaled.jpg\" alt=\"\" width=\"2166\" height=\"2560\" srcset=\"https:\/\/www.franz-josef.cz\/wp-content\/uploads\/2023\/12\/danekhostka_5597ret-scaled.jpg 2166w, https:\/\/www.franz-josef.cz\/wp-content\/uploads\/2023\/12\/danekhostka_5597ret-254x300.jpg 254w, https:\/\/www.franz-josef.cz\/wp-content\/uploads\/2023\/12\/danekhostka_5597ret-866x1024.jpg 866w, https:\/\/www.franz-josef.cz\/wp-content\/uploads\/2023\/12\/danekhostka_5597ret-768x908.jpg 768w, https:\/\/www.franz-josef.cz\/wp-content\/uploads\/2023\/12\/danekhostka_5597ret-1299x1536.jpg 1299w, https:\/\/www.franz-josef.cz\/wp-content\/uploads\/2023\/12\/danekhostka_5597ret-1732x2048.jpg 1732w, https:\/\/www.franz-josef.cz\/wp-content\/uploads\/2023\/12\/danekhostka_5597ret-10x12.jpg 10w\" sizes=\"(max-width: 2166px) 100vw, 2166px\" \/><img decoding=\"async\" class=\"alignnone size-full wp-image-53520 lazyload\" data-src=\"https:\/\/www.franz-josef.cz\/wp-content\/uploads\/2023\/12\/danek-hostkaPOMRETUS_5592.jpg\" alt=\"\" width=\"1583\" height=\"2552\" data-srcset=\"https:\/\/www.franz-josef.cz\/wp-content\/uploads\/2023\/12\/danek-hostkaPOMRETUS_5592.jpg 1583w, https:\/\/www.franz-josef.cz\/wp-content\/uploads\/2023\/12\/danek-hostkaPOMRETUS_5592-186x300.jpg 186w, https:\/\/www.franz-josef.cz\/wp-content\/uploads\/2023\/12\/danek-hostkaPOMRETUS_5592-635x1024.jpg 635w, https:\/\/www.franz-josef.cz\/wp-content\/uploads\/2023\/12\/danek-hostkaPOMRETUS_5592-768x1238.jpg 768w, https:\/\/www.franz-josef.cz\/wp-content\/uploads\/2023\/12\/danek-hostkaPOMRETUS_5592-953x1536.jpg 953w, https:\/\/www.franz-josef.cz\/wp-content\/uploads\/2023\/12\/danek-hostkaPOMRETUS_5592-1270x2048.jpg 1270w, https:\/\/www.franz-josef.cz\/wp-content\/uploads\/2023\/12\/danek-hostkaPOMRETUS_5592-7x12.jpg 7w\" data-sizes=\"(max-width: 1583px) 100vw, 1583px\" src=\"data:image\/gif;base64,R0lGODlhAQABAAAAACH5BAEKAAEALAAAAAABAAEAAAICTAEAOw==\" style=\"--smush-placeholder-width: 1583px; --smush-placeholder-aspect-ratio: 1583\/2552;\" \/><noscript><img decoding=\"async\" class=\"alignnone size-full wp-image-53520\" src=\"https:\/\/www.franz-josef.cz\/wp-content\/uploads\/2023\/12\/danek-hostkaPOMRETUS_5592.jpg\" alt=\"\" width=\"1583\" height=\"2552\" srcset=\"https:\/\/www.franz-josef.cz\/wp-content\/uploads\/2023\/12\/danek-hostkaPOMRETUS_5592.jpg 1583w, https:\/\/www.franz-josef.cz\/wp-content\/uploads\/2023\/12\/danek-hostkaPOMRETUS_5592-186x300.jpg 186w, https:\/\/www.franz-josef.cz\/wp-content\/uploads\/2023\/12\/danek-hostkaPOMRETUS_5592-635x1024.jpg 635w, https:\/\/www.franz-josef.cz\/wp-content\/uploads\/2023\/12\/danek-hostkaPOMRETUS_5592-768x1238.jpg 768w, https:\/\/www.franz-josef.cz\/wp-content\/uploads\/2023\/12\/danek-hostkaPOMRETUS_5592-953x1536.jpg 953w, https:\/\/www.franz-josef.cz\/wp-content\/uploads\/2023\/12\/danek-hostkaPOMRETUS_5592-1270x2048.jpg 1270w, https:\/\/www.franz-josef.cz\/wp-content\/uploads\/2023\/12\/danek-hostkaPOMRETUS_5592-7x12.jpg 7w\" sizes=\"(max-width: 1583px) 100vw, 1583px\" \/><\/noscript><\/p>","protected":false},"excerpt":{"rendered":"<p>Ke konci 19. stolet\u00ed st\u00e1val na mal\u00e9m n\u00e1m\u011bst\u00ed c\u00edsa\u0159e Josefa II. vpravo naho\u0159e od hlavn\u00edho n\u00e1m\u011bst\u00ed pomn\u00edk s bustou c\u00edsa\u0159e Josefa II. Po z\u00e1niku Rakousko-Uherska byla busta Josefa II. odstran\u011bna, ale podstavec z\u016fstal na p\u016fvodn\u00edm m\u00edst\u011b. \u00a0Kdy\u017e se bl\u00ed\u017eilo 80. v\u00fdro\u010d\u00ed zalo\u017een\u00ed \u010desk\u00e9 \u0161koly v Ho\u0161tce (1918 \u2013 1998), rozhodlo se veden\u00ed m\u011bsta, \u017ee na [&hellip;]<\/p>","protected":false},"author":5,"featured_media":53521,"comment_status":"open","ping_status":"open","sticky":false,"template":"","format":"standard","meta":{"inline_featured_image":false,"footnotes":""},"categories":[62],"tags":[],"class_list":["post-53519","post","type-post","status-publish","format-standard","has-post-thumbnail","hentry","category-uncategorized-sk"],"yoast_head":"<!-- This site is optimized with the Yoast SEO Premium plugin v20.12 (Yoast SEO v27.2) - https:\/\/yoast.com\/product\/yoast-seo-premium-wordpress\/ -->\n<title>HO\u0160TKA U \u0160T\u011aT\u00cd, BUSTA C\u00cdSA\u0158E FJI &#8212; Muzeum c\u00edsa\u0159e Franz Josefa I.<\/title>\n<meta name=\"robots\" content=\"index, follow, max-snippet:-1, max-image-preview:large, max-video-preview:-1\" \/>\n<link rel=\"canonical\" href=\"https:\/\/www.franz-josef.cz\/de\/2023\/12\/hostka-u-steti-busta-cisare-fji\/\" \/>\n<meta property=\"og:locale\" content=\"de_DE\" \/>\n<meta property=\"og:type\" content=\"article\" \/>\n<meta property=\"og:title\" content=\"HO\u0160TKA U \u0160T\u011aT\u00cd, BUSTA C\u00cdSA\u0158E FJI\" \/>\n<meta property=\"og:description\" content=\"Ke konci 19. stolet\u00ed st\u00e1val na mal\u00e9m n\u00e1m\u011bst\u00ed c\u00edsa\u0159e Josefa II. vpravo naho\u0159e od hlavn\u00edho n\u00e1m\u011bst\u00ed pomn\u00edk s bustou c\u00edsa\u0159e Josefa II. Po z\u00e1niku Rakousko-Uherska byla busta Josefa II. odstran\u011bna, ale podstavec z\u016fstal na p\u016fvodn\u00edm m\u00edst\u011b. \u00a0Kdy\u017e se bl\u00ed\u017eilo 80. v\u00fdro\u010d\u00ed zalo\u017een\u00ed \u010desk\u00e9 \u0161koly v Ho\u0161tce (1918 \u2013 1998), rozhodlo se veden\u00ed m\u011bsta, \u017ee na [&hellip;]\" \/>\n<meta property=\"og:url\" content=\"https:\/\/www.franz-josef.cz\/de\/2023\/12\/hostka-u-steti-busta-cisare-fji\/\" \/>\n<meta property=\"og:site_name\" content=\"Muzeum c\u00edsa\u0159e Franz Josefa I.\" \/>\n<meta property=\"article:published_time\" content=\"2023-12-21T15:47:15+00:00\" \/>\n<meta property=\"article:modified_time\" content=\"2023-12-21T16:04:25+00:00\" \/>\n<meta property=\"og:image\" content=\"https:\/\/www.franz-josef.cz\/wp-content\/uploads\/2023\/12\/danekhostka_5597ret-scaled.jpg\" \/>\n\t<meta property=\"og:image:width\" content=\"2166\" \/>\n\t<meta property=\"og:image:height\" content=\"2560\" \/>\n\t<meta property=\"og:image:type\" content=\"image\/jpeg\" \/>\n<meta name=\"author\" content=\"Ji\u0159\u00ed Dan\u011bk\" \/>\n<meta name=\"twitter:card\" content=\"summary_large_image\" \/>\n<meta name=\"twitter:label1\" content=\"Verfasst von\" \/>\n\t<meta name=\"twitter:data1\" content=\"Ji\u0159\u00ed Dan\u011bk\" \/>\n\t<meta name=\"twitter:label2\" content=\"Gesch\u00e4tzte Lesezeit\" \/>\n\t<meta name=\"twitter:data2\" content=\"2\u00a0Minuten\" \/>\n<script type=\"application\/ld+json\" class=\"yoast-schema-graph\">{\"@context\":\"https:\/\/schema.org\",\"@graph\":[{\"@type\":\"Article\",\"@id\":\"https:\/\/www.franz-josef.cz\/2023\/12\/hostka-u-steti-busta-cisare-fji\/#article\",\"isPartOf\":{\"@id\":\"https:\/\/www.franz-josef.cz\/2023\/12\/hostka-u-steti-busta-cisare-fji\/\"},\"author\":{\"name\":\"Ji\u0159\u00ed Dan\u011bk\",\"@id\":\"https:\/\/www.franz-josef.cz\/#\/schema\/person\/e1b307480319ee78798e96cee74e07e9\"},\"headline\":\"HO\u0160TKA U \u0160T\u011aT\u00cd, BUSTA C\u00cdSA\u0158E FJI\",\"datePublished\":\"2023-12-21T15:47:15+00:00\",\"dateModified\":\"2023-12-21T16:04:25+00:00\",\"mainEntityOfPage\":{\"@id\":\"https:\/\/www.franz-josef.cz\/2023\/12\/hostka-u-steti-busta-cisare-fji\/\"},\"wordCount\":358,\"commentCount\":0,\"publisher\":{\"@id\":\"https:\/\/www.franz-josef.cz\/#organization\"},\"image\":{\"@id\":\"https:\/\/www.franz-josef.cz\/2023\/12\/hostka-u-steti-busta-cisare-fji\/#primaryimage\"},\"thumbnailUrl\":\"https:\/\/www.franz-josef.cz\/wp-content\/uploads\/2023\/12\/danekhostka_5597ret-scaled.jpg\",\"articleSection\":[\"Uncategorized\"],\"inLanguage\":\"de\",\"potentialAction\":[{\"@type\":\"CommentAction\",\"name\":\"Comment\",\"target\":[\"https:\/\/www.franz-josef.cz\/2023\/12\/hostka-u-steti-busta-cisare-fji\/#respond\"]}]},{\"@type\":\"WebPage\",\"@id\":\"https:\/\/www.franz-josef.cz\/2023\/12\/hostka-u-steti-busta-cisare-fji\/\",\"url\":\"https:\/\/www.franz-josef.cz\/2023\/12\/hostka-u-steti-busta-cisare-fji\/\",\"name\":\"HO\u0160TKA U \u0160T\u011aT\u00cd, BUSTA C\u00cdSA\u0158E FJI &#8212; Muzeum c\u00edsa\u0159e Franz Josefa I.\",\"isPartOf\":{\"@id\":\"https:\/\/www.franz-josef.cz\/#website\"},\"primaryImageOfPage\":{\"@id\":\"https:\/\/www.franz-josef.cz\/2023\/12\/hostka-u-steti-busta-cisare-fji\/#primaryimage\"},\"image\":{\"@id\":\"https:\/\/www.franz-josef.cz\/2023\/12\/hostka-u-steti-busta-cisare-fji\/#primaryimage\"},\"thumbnailUrl\":\"https:\/\/www.franz-josef.cz\/wp-content\/uploads\/2023\/12\/danekhostka_5597ret-scaled.jpg\",\"datePublished\":\"2023-12-21T15:47:15+00:00\",\"dateModified\":\"2023-12-21T16:04:25+00:00\",\"breadcrumb\":{\"@id\":\"https:\/\/www.franz-josef.cz\/2023\/12\/hostka-u-steti-busta-cisare-fji\/#breadcrumb\"},\"inLanguage\":\"de\",\"potentialAction\":[{\"@type\":\"ReadAction\",\"target\":[\"https:\/\/www.franz-josef.cz\/2023\/12\/hostka-u-steti-busta-cisare-fji\/\"]}]},{\"@type\":\"ImageObject\",\"inLanguage\":\"de\",\"@id\":\"https:\/\/www.franz-josef.cz\/2023\/12\/hostka-u-steti-busta-cisare-fji\/#primaryimage\",\"url\":\"https:\/\/www.franz-josef.cz\/wp-content\/uploads\/2023\/12\/danekhostka_5597ret-scaled.jpg\",\"contentUrl\":\"https:\/\/www.franz-josef.cz\/wp-content\/uploads\/2023\/12\/danekhostka_5597ret-scaled.jpg\",\"width\":2166,\"height\":2560},{\"@type\":\"BreadcrumbList\",\"@id\":\"https:\/\/www.franz-josef.cz\/2023\/12\/hostka-u-steti-busta-cisare-fji\/#breadcrumb\",\"itemListElement\":[{\"@type\":\"ListItem\",\"position\":1,\"name\":\"Home\",\"item\":\"https:\/\/www.franz-josef.cz\/\"},{\"@type\":\"ListItem\",\"position\":2,\"name\":\"HO\u0160TKA U \u0160T\u011aT\u00cd, BUSTA C\u00cdSA\u0158E FJI\"}]},{\"@type\":\"WebSite\",\"@id\":\"https:\/\/www.franz-josef.cz\/#website\",\"url\":\"https:\/\/www.franz-josef.cz\/\",\"name\":\"Muzeum c\u00edsa\u0159e Franz Josefa I.\",\"description\":\"\",\"publisher\":{\"@id\":\"https:\/\/www.franz-josef.cz\/#organization\"},\"alternateName\":\"Franz Joseph\",\"potentialAction\":[{\"@type\":\"SearchAction\",\"target\":{\"@type\":\"EntryPoint\",\"urlTemplate\":\"https:\/\/www.franz-josef.cz\/?s={search_term_string}\"},\"query-input\":{\"@type\":\"PropertyValueSpecification\",\"valueRequired\":true,\"valueName\":\"search_term_string\"}}],\"inLanguage\":\"de\"},{\"@type\":\"Organization\",\"@id\":\"https:\/\/www.franz-josef.cz\/#organization\",\"name\":\"Muzeum Franz Josefa I.\",\"alternateName\":\"Franz Jozef\",\"url\":\"https:\/\/www.franz-josef.cz\/\",\"logo\":{\"@type\":\"ImageObject\",\"inLanguage\":\"de\",\"@id\":\"https:\/\/www.franz-josef.cz\/#\/schema\/logo\/image\/\",\"url\":\"https:\/\/www.franz-josef.cz\/wp-content\/uploads\/2023\/08\/Muzeum-Franz-Jozef-logo-696x696-1.png\",\"contentUrl\":\"https:\/\/www.franz-josef.cz\/wp-content\/uploads\/2023\/08\/Muzeum-Franz-Jozef-logo-696x696-1.png\",\"width\":696,\"height\":696,\"caption\":\"Muzeum Franz Josefa I.\"},\"image\":{\"@id\":\"https:\/\/www.franz-josef.cz\/#\/schema\/logo\/image\/\"}},{\"@type\":\"Person\",\"@id\":\"https:\/\/www.franz-josef.cz\/#\/schema\/person\/e1b307480319ee78798e96cee74e07e9\",\"name\":\"Ji\u0159\u00ed Dan\u011bk\",\"image\":{\"@type\":\"ImageObject\",\"inLanguage\":\"de\",\"@id\":\"https:\/\/secure.gravatar.com\/avatar\/d5df65f07517a4ba2172682ed1006eabfcee27bfdf0a924dcc5535b72af5d4bf?s=96&d=mm&r=g\",\"url\":\"https:\/\/secure.gravatar.com\/avatar\/d5df65f07517a4ba2172682ed1006eabfcee27bfdf0a924dcc5535b72af5d4bf?s=96&d=mm&r=g\",\"contentUrl\":\"https:\/\/secure.gravatar.com\/avatar\/d5df65f07517a4ba2172682ed1006eabfcee27bfdf0a924dcc5535b72af5d4bf?s=96&d=mm&r=g\",\"caption\":\"Ji\u0159\u00ed Dan\u011bk\"},\"url\":\"https:\/\/www.franz-josef.cz\/de\/author\/jiridanek\/\"}]}<\/script>\n<!-- \/ Yoast SEO Premium plugin. -->","yoast_head_json":{"title":"HO\u0160TKA U \u0160T\u011aT\u00cd, BUSTA C\u00cdSA\u0158E FJI &#8212; Muzeum c\u00edsa\u0159e Franz Josefa I.","robots":{"index":"index","follow":"follow","max-snippet":"max-snippet:-1","max-image-preview":"max-image-preview:large","max-video-preview":"max-video-preview:-1"},"canonical":"https:\/\/www.franz-josef.cz\/de\/2023\/12\/hostka-u-steti-busta-cisare-fji\/","og_locale":"de_DE","og_type":"article","og_title":"HO\u0160TKA U \u0160T\u011aT\u00cd, BUSTA C\u00cdSA\u0158E FJI","og_description":"Ke konci 19. stolet\u00ed st\u00e1val na mal\u00e9m n\u00e1m\u011bst\u00ed c\u00edsa\u0159e Josefa II. vpravo naho\u0159e od hlavn\u00edho n\u00e1m\u011bst\u00ed pomn\u00edk s bustou c\u00edsa\u0159e Josefa II. Po z\u00e1niku Rakousko-Uherska byla busta Josefa II. odstran\u011bna, ale podstavec z\u016fstal na p\u016fvodn\u00edm m\u00edst\u011b. \u00a0Kdy\u017e se bl\u00ed\u017eilo 80. v\u00fdro\u010d\u00ed zalo\u017een\u00ed \u010desk\u00e9 \u0161koly v Ho\u0161tce (1918 \u2013 1998), rozhodlo se veden\u00ed m\u011bsta, \u017ee na [&hellip;]","og_url":"https:\/\/www.franz-josef.cz\/de\/2023\/12\/hostka-u-steti-busta-cisare-fji\/","og_site_name":"Muzeum c\u00edsa\u0159e Franz Josefa I.","article_published_time":"2023-12-21T15:47:15+00:00","article_modified_time":"2023-12-21T16:04:25+00:00","og_image":[{"width":2166,"height":2560,"url":"https:\/\/www.franz-josef.cz\/wp-content\/uploads\/2023\/12\/danekhostka_5597ret-scaled.jpg","type":"image\/jpeg"}],"author":"Ji\u0159\u00ed Dan\u011bk","twitter_card":"summary_large_image","twitter_misc":{"Verfasst von":"Ji\u0159\u00ed Dan\u011bk","Gesch\u00e4tzte Lesezeit":"2\u00a0Minuten"},"schema":{"@context":"https:\/\/schema.org","@graph":[{"@type":"Article","@id":"https:\/\/www.franz-josef.cz\/2023\/12\/hostka-u-steti-busta-cisare-fji\/#article","isPartOf":{"@id":"https:\/\/www.franz-josef.cz\/2023\/12\/hostka-u-steti-busta-cisare-fji\/"},"author":{"name":"Ji\u0159\u00ed Dan\u011bk","@id":"https:\/\/www.franz-josef.cz\/#\/schema\/person\/e1b307480319ee78798e96cee74e07e9"},"headline":"HO\u0160TKA U \u0160T\u011aT\u00cd, BUSTA C\u00cdSA\u0158E FJI","datePublished":"2023-12-21T15:47:15+00:00","dateModified":"2023-12-21T16:04:25+00:00","mainEntityOfPage":{"@id":"https:\/\/www.franz-josef.cz\/2023\/12\/hostka-u-steti-busta-cisare-fji\/"},"wordCount":358,"commentCount":0,"publisher":{"@id":"https:\/\/www.franz-josef.cz\/#organization"},"image":{"@id":"https:\/\/www.franz-josef.cz\/2023\/12\/hostka-u-steti-busta-cisare-fji\/#primaryimage"},"thumbnailUrl":"https:\/\/www.franz-josef.cz\/wp-content\/uploads\/2023\/12\/danekhostka_5597ret-scaled.jpg","articleSection":["Uncategorized"],"inLanguage":"de","potentialAction":[{"@type":"CommentAction","name":"Comment","target":["https:\/\/www.franz-josef.cz\/2023\/12\/hostka-u-steti-busta-cisare-fji\/#respond"]}]},{"@type":"WebPage","@id":"https:\/\/www.franz-josef.cz\/2023\/12\/hostka-u-steti-busta-cisare-fji\/","url":"https:\/\/www.franz-josef.cz\/2023\/12\/hostka-u-steti-busta-cisare-fji\/","name":"HO\u0160TKA U \u0160T\u011aT\u00cd, BUSTA C\u00cdSA\u0158E FJI &#8212; Muzeum c\u00edsa\u0159e Franz Josefa I.","isPartOf":{"@id":"https:\/\/www.franz-josef.cz\/#website"},"primaryImageOfPage":{"@id":"https:\/\/www.franz-josef.cz\/2023\/12\/hostka-u-steti-busta-cisare-fji\/#primaryimage"},"image":{"@id":"https:\/\/www.franz-josef.cz\/2023\/12\/hostka-u-steti-busta-cisare-fji\/#primaryimage"},"thumbnailUrl":"https:\/\/www.franz-josef.cz\/wp-content\/uploads\/2023\/12\/danekhostka_5597ret-scaled.jpg","datePublished":"2023-12-21T15:47:15+00:00","dateModified":"2023-12-21T16:04:25+00:00","breadcrumb":{"@id":"https:\/\/www.franz-josef.cz\/2023\/12\/hostka-u-steti-busta-cisare-fji\/#breadcrumb"},"inLanguage":"de","potentialAction":[{"@type":"ReadAction","target":["https:\/\/www.franz-josef.cz\/2023\/12\/hostka-u-steti-busta-cisare-fji\/"]}]},{"@type":"ImageObject","inLanguage":"de","@id":"https:\/\/www.franz-josef.cz\/2023\/12\/hostka-u-steti-busta-cisare-fji\/#primaryimage","url":"https:\/\/www.franz-josef.cz\/wp-content\/uploads\/2023\/12\/danekhostka_5597ret-scaled.jpg","contentUrl":"https:\/\/www.franz-josef.cz\/wp-content\/uploads\/2023\/12\/danekhostka_5597ret-scaled.jpg","width":2166,"height":2560},{"@type":"BreadcrumbList","@id":"https:\/\/www.franz-josef.cz\/2023\/12\/hostka-u-steti-busta-cisare-fji\/#breadcrumb","itemListElement":[{"@type":"ListItem","position":1,"name":"Home","item":"https:\/\/www.franz-josef.cz\/"},{"@type":"ListItem","position":2,"name":"HO\u0160TKA U \u0160T\u011aT\u00cd, BUSTA C\u00cdSA\u0158E FJI"}]},{"@type":"WebSite","@id":"https:\/\/www.franz-josef.cz\/#website","url":"https:\/\/www.franz-josef.cz\/","name":"Muzeum c\u00edsa\u0159e Franz Josefa I.","description":"","publisher":{"@id":"https:\/\/www.franz-josef.cz\/#organization"},"alternateName":"Franz Joseph","potentialAction":[{"@type":"SearchAction","target":{"@type":"EntryPoint","urlTemplate":"https:\/\/www.franz-josef.cz\/?s={search_term_string}"},"query-input":{"@type":"PropertyValueSpecification","valueRequired":true,"valueName":"search_term_string"}}],"inLanguage":"de"},{"@type":"Organization","@id":"https:\/\/www.franz-josef.cz\/#organization","name":"Muzeum Franz Josefa I.","alternateName":"Franz Jozef","url":"https:\/\/www.franz-josef.cz\/","logo":{"@type":"ImageObject","inLanguage":"de","@id":"https:\/\/www.franz-josef.cz\/#\/schema\/logo\/image\/","url":"https:\/\/www.franz-josef.cz\/wp-content\/uploads\/2023\/08\/Muzeum-Franz-Jozef-logo-696x696-1.png","contentUrl":"https:\/\/www.franz-josef.cz\/wp-content\/uploads\/2023\/08\/Muzeum-Franz-Jozef-logo-696x696-1.png","width":696,"height":696,"caption":"Muzeum Franz Josefa I."},"image":{"@id":"https:\/\/www.franz-josef.cz\/#\/schema\/logo\/image\/"}},{"@type":"Person","@id":"https:\/\/www.franz-josef.cz\/#\/schema\/person\/e1b307480319ee78798e96cee74e07e9","name":"Ji\u0159\u00ed Dan\u011bk","image":{"@type":"ImageObject","inLanguage":"de","@id":"https:\/\/secure.gravatar.com\/avatar\/d5df65f07517a4ba2172682ed1006eabfcee27bfdf0a924dcc5535b72af5d4bf?s=96&d=mm&r=g","url":"https:\/\/secure.gravatar.com\/avatar\/d5df65f07517a4ba2172682ed1006eabfcee27bfdf0a924dcc5535b72af5d4bf?s=96&d=mm&r=g","contentUrl":"https:\/\/secure.gravatar.com\/avatar\/d5df65f07517a4ba2172682ed1006eabfcee27bfdf0a924dcc5535b72af5d4bf?s=96&d=mm&r=g","caption":"Ji\u0159\u00ed Dan\u011bk"},"url":"https:\/\/www.franz-josef.cz\/de\/author\/jiridanek\/"}]}},"_links":{"self":[{"href":"https:\/\/www.franz-josef.cz\/de\/wp-json\/wp\/v2\/posts\/53519","targetHints":{"allow":["GET"]}}],"collection":[{"href":"https:\/\/www.franz-josef.cz\/de\/wp-json\/wp\/v2\/posts"}],"about":[{"href":"https:\/\/www.franz-josef.cz\/de\/wp-json\/wp\/v2\/types\/post"}],"author":[{"embeddable":true,"href":"https:\/\/www.franz-josef.cz\/de\/wp-json\/wp\/v2\/users\/5"}],"replies":[{"embeddable":true,"href":"https:\/\/www.franz-josef.cz\/de\/wp-json\/wp\/v2\/comments?post=53519"}],"version-history":[{"count":3,"href":"https:\/\/www.franz-josef.cz\/de\/wp-json\/wp\/v2\/posts\/53519\/revisions"}],"predecessor-version":[{"id":53527,"href":"https:\/\/www.franz-josef.cz\/de\/wp-json\/wp\/v2\/posts\/53519\/revisions\/53527"}],"wp:featuredmedia":[{"embeddable":true,"href":"https:\/\/www.franz-josef.cz\/de\/wp-json\/wp\/v2\/media\/53521"}],"wp:attachment":[{"href":"https:\/\/www.franz-josef.cz\/de\/wp-json\/wp\/v2\/media?parent=53519"}],"wp:term":[{"taxonomy":"category","embeddable":true,"href":"https:\/\/www.franz-josef.cz\/de\/wp-json\/wp\/v2\/categories?post=53519"},{"taxonomy":"post_tag","embeddable":true,"href":"https:\/\/www.franz-josef.cz\/de\/wp-json\/wp\/v2\/tags?post=53519"}],"curies":[{"name":"wp","href":"https:\/\/api.w.org\/{rel}","templated":true}]}}