{"id":53335,"date":"2023-11-25T20:08:43","date_gmt":"2023-11-25T19:08:43","guid":{"rendered":"https:\/\/www.franz-josef.cz\/?p=53335"},"modified":"2023-11-26T12:01:54","modified_gmt":"2023-11-26T11:01:54","slug":"museum-ziskalo-dalsi-raritu-sklenenou-desku-ze-ktere-se-vyrabely-zname-fotografie","status":"publish","type":"post","link":"https:\/\/www.franz-josef.cz\/en\/2023\/11\/museum-ziskalo-dalsi-raritu-sklenenou-desku-ze-ktere-se-vyrabely-zname-fotografie\/","title":{"rendered":"The Museum acquired another rarity - a glass plate from which famous photographs were made"},"content":{"rendered":"<h1><img fetchpriority=\"high\" decoding=\"async\" class=\"alignnone size-large wp-image-53347\" src=\"https:\/\/www.franz-josef.cz\/wp-content\/uploads\/2023\/11\/1147-652x1024.jpg\" alt=\"\" width=\"652\" height=\"1024\" srcset=\"https:\/\/www.franz-josef.cz\/wp-content\/uploads\/2023\/11\/1147-652x1024.jpg 652w, https:\/\/www.franz-josef.cz\/wp-content\/uploads\/2023\/11\/1147-191x300.jpg 191w, https:\/\/www.franz-josef.cz\/wp-content\/uploads\/2023\/11\/1147-8x12.jpg 8w, https:\/\/www.franz-josef.cz\/wp-content\/uploads\/2023\/11\/1147.jpg 708w\" sizes=\"(max-width: 652px) 100vw, 652px\" \/>\u00a0 \u00a0 \u00a0 \u00a0 \u00a0 \u00a0 \u00a0 \u00a0 \u00a0 \u00a0UNIQUE-\u00a0 RRR!!<\/h1>\n<p>&nbsp;<\/p>\n<p><img decoding=\"async\" class=\"alignnone size-large wp-image-53336 lazyload\" data-src=\"https:\/\/www.franz-josef.cz\/wp-content\/uploads\/2023\/11\/s-l1600-989x1024.jpg\" alt=\"\" width=\"989\" height=\"1024\" data-srcset=\"https:\/\/www.franz-josef.cz\/wp-content\/uploads\/2023\/11\/s-l1600-989x1024.jpg 989w, https:\/\/www.franz-josef.cz\/wp-content\/uploads\/2023\/11\/s-l1600-290x300.jpg 290w, https:\/\/www.franz-josef.cz\/wp-content\/uploads\/2023\/11\/s-l1600-768x795.jpg 768w, https:\/\/www.franz-josef.cz\/wp-content\/uploads\/2023\/11\/s-l1600-12x12.jpg 12w, https:\/\/www.franz-josef.cz\/wp-content\/uploads\/2023\/11\/s-l1600.jpg 1483w\" data-sizes=\"(max-width: 989px) 100vw, 989px\" src=\"data:image\/gif;base64,R0lGODlhAQABAAAAACH5BAEKAAEALAAAAAABAAEAAAICTAEAOw==\" style=\"--smush-placeholder-width: 989px; --smush-placeholder-aspect-ratio: 989\/1024;\" \/><noscript><img decoding=\"async\" class=\"alignnone size-large wp-image-53336\" src=\"https:\/\/www.franz-josef.cz\/wp-content\/uploads\/2023\/11\/s-l1600-989x1024.jpg\" alt=\"\" width=\"989\" height=\"1024\" srcset=\"https:\/\/www.franz-josef.cz\/wp-content\/uploads\/2023\/11\/s-l1600-989x1024.jpg 989w, https:\/\/www.franz-josef.cz\/wp-content\/uploads\/2023\/11\/s-l1600-290x300.jpg 290w, https:\/\/www.franz-josef.cz\/wp-content\/uploads\/2023\/11\/s-l1600-768x795.jpg 768w, https:\/\/www.franz-josef.cz\/wp-content\/uploads\/2023\/11\/s-l1600-12x12.jpg 12w, https:\/\/www.franz-josef.cz\/wp-content\/uploads\/2023\/11\/s-l1600.jpg 1483w\" sizes=\"(max-width: 989px) 100vw, 989px\" \/><\/noscript><\/p>","protected":false},"excerpt":{"rendered":"<p>\u00a0 \u00a0 \u00a0 \u00a0 \u00a0 \u00a0 \u00a0 \u00a0 \u00a0 \u00a0UNIQUE-\u00a0 RRR!! &nbsp;<\/p>","protected":false},"author":3,"featured_media":53336,"comment_status":"open","ping_status":"open","sticky":false,"template":"","format":"standard","meta":{"inline_featured_image":false,"footnotes":""},"categories":[62],"tags":[],"class_list":["post-53335","post","type-post","status-publish","format-standard","has-post-thumbnail","hentry","category-uncategorized-sk"],"yoast_head":"<!-- This site is optimized with the Yoast SEO Premium plugin v20.12 (Yoast SEO v27.2) - https:\/\/yoast.com\/product\/yoast-seo-premium-wordpress\/ -->\n<title>Museum z\u00edskalo dal\u0161\u00ed raritu- sklen\u011bnou desku, ze kter\u00e9 se vyr\u00e1b\u011bly zn\u00e1m\u00e9 fotografie &#8212; Muzeum c\u00edsa\u0159e Franz Josefa I.<\/title>\n<meta name=\"robots\" content=\"index, follow, max-snippet:-1, max-image-preview:large, max-video-preview:-1\" \/>\n<link rel=\"canonical\" href=\"https:\/\/www.franz-josef.cz\/en\/2023\/11\/museum-ziskalo-dalsi-raritu-sklenenou-desku-ze-ktere-se-vyrabely-zname-fotografie\/\" \/>\n<meta property=\"og:locale\" content=\"en_GB\" \/>\n<meta property=\"og:type\" content=\"article\" \/>\n<meta property=\"og:title\" content=\"Museum z\u00edskalo dal\u0161\u00ed raritu- sklen\u011bnou desku, ze kter\u00e9 se vyr\u00e1b\u011bly zn\u00e1m\u00e9 fotografie\" \/>\n<meta property=\"og:description\" content=\"\u00a0 \u00a0 \u00a0 \u00a0 \u00a0 \u00a0 \u00a0 \u00a0 \u00a0 \u00a0UNIK\u00c1T-\u00a0 RRR!! &nbsp;\" \/>\n<meta property=\"og:url\" content=\"https:\/\/www.franz-josef.cz\/en\/2023\/11\/museum-ziskalo-dalsi-raritu-sklenenou-desku-ze-ktere-se-vyrabely-zname-fotografie\/\" \/>\n<meta property=\"og:site_name\" content=\"Muzeum c\u00edsa\u0159e Franz Josefa I.\" \/>\n<meta property=\"article:published_time\" content=\"2023-11-25T19:08:43+00:00\" \/>\n<meta property=\"article:modified_time\" content=\"2023-11-26T11:01:54+00:00\" \/>\n<meta property=\"og:image\" content=\"https:\/\/www.franz-josef.cz\/wp-content\/uploads\/2023\/11\/s-l1600.jpg\" \/>\n\t<meta property=\"og:image:width\" content=\"1483\" \/>\n\t<meta property=\"og:image:height\" content=\"1535\" \/>\n\t<meta property=\"og:image:type\" content=\"image\/jpeg\" \/>\n<meta name=\"author\" content=\"Franti\u0161ek V\u00e1clav\" \/>\n<meta name=\"twitter:card\" content=\"summary_large_image\" \/>\n<meta name=\"twitter:label1\" content=\"Written by\" \/>\n\t<meta name=\"twitter:data1\" content=\"Franti\u0161ek V\u00e1clav\" \/>\n<script type=\"application\/ld+json\" class=\"yoast-schema-graph\">{\"@context\":\"https:\/\/schema.org\",\"@graph\":[{\"@type\":\"Article\",\"@id\":\"https:\/\/www.franz-josef.cz\/2023\/11\/museum-ziskalo-dalsi-raritu-sklenenou-desku-ze-ktere-se-vyrabely-zname-fotografie\/#article\",\"isPartOf\":{\"@id\":\"https:\/\/www.franz-josef.cz\/2023\/11\/museum-ziskalo-dalsi-raritu-sklenenou-desku-ze-ktere-se-vyrabely-zname-fotografie\/\"},\"author\":{\"name\":\"Franti\u0161ek V\u00e1clav\",\"@id\":\"https:\/\/www.franz-josef.cz\/#\/schema\/person\/8969e4163e8645ab6b4a5800dee7ac56\"},\"headline\":\"Museum z\u00edskalo dal\u0161\u00ed raritu- sklen\u011bnou desku, ze kter\u00e9 se vyr\u00e1b\u011bly zn\u00e1m\u00e9 fotografie\",\"datePublished\":\"2023-11-25T19:08:43+00:00\",\"dateModified\":\"2023-11-26T11:01:54+00:00\",\"mainEntityOfPage\":{\"@id\":\"https:\/\/www.franz-josef.cz\/2023\/11\/museum-ziskalo-dalsi-raritu-sklenenou-desku-ze-ktere-se-vyrabely-zname-fotografie\/\"},\"wordCount\":21,\"commentCount\":0,\"publisher\":{\"@id\":\"https:\/\/www.franz-josef.cz\/#organization\"},\"image\":{\"@id\":\"https:\/\/www.franz-josef.cz\/2023\/11\/museum-ziskalo-dalsi-raritu-sklenenou-desku-ze-ktere-se-vyrabely-zname-fotografie\/#primaryimage\"},\"thumbnailUrl\":\"https:\/\/www.franz-josef.cz\/wp-content\/uploads\/2023\/11\/s-l1600.jpg\",\"articleSection\":[\"Uncategorized\"],\"inLanguage\":\"en-GB\",\"potentialAction\":[{\"@type\":\"CommentAction\",\"name\":\"Comment\",\"target\":[\"https:\/\/www.franz-josef.cz\/2023\/11\/museum-ziskalo-dalsi-raritu-sklenenou-desku-ze-ktere-se-vyrabely-zname-fotografie\/#respond\"]}]},{\"@type\":\"WebPage\",\"@id\":\"https:\/\/www.franz-josef.cz\/2023\/11\/museum-ziskalo-dalsi-raritu-sklenenou-desku-ze-ktere-se-vyrabely-zname-fotografie\/\",\"url\":\"https:\/\/www.franz-josef.cz\/2023\/11\/museum-ziskalo-dalsi-raritu-sklenenou-desku-ze-ktere-se-vyrabely-zname-fotografie\/\",\"name\":\"Museum z\u00edskalo dal\u0161\u00ed raritu- sklen\u011bnou desku, ze kter\u00e9 se vyr\u00e1b\u011bly zn\u00e1m\u00e9 fotografie &#8212; Muzeum c\u00edsa\u0159e Franz Josefa I.\",\"isPartOf\":{\"@id\":\"https:\/\/www.franz-josef.cz\/#website\"},\"primaryImageOfPage\":{\"@id\":\"https:\/\/www.franz-josef.cz\/2023\/11\/museum-ziskalo-dalsi-raritu-sklenenou-desku-ze-ktere-se-vyrabely-zname-fotografie\/#primaryimage\"},\"image\":{\"@id\":\"https:\/\/www.franz-josef.cz\/2023\/11\/museum-ziskalo-dalsi-raritu-sklenenou-desku-ze-ktere-se-vyrabely-zname-fotografie\/#primaryimage\"},\"thumbnailUrl\":\"https:\/\/www.franz-josef.cz\/wp-content\/uploads\/2023\/11\/s-l1600.jpg\",\"datePublished\":\"2023-11-25T19:08:43+00:00\",\"dateModified\":\"2023-11-26T11:01:54+00:00\",\"breadcrumb\":{\"@id\":\"https:\/\/www.franz-josef.cz\/2023\/11\/museum-ziskalo-dalsi-raritu-sklenenou-desku-ze-ktere-se-vyrabely-zname-fotografie\/#breadcrumb\"},\"inLanguage\":\"en-GB\",\"potentialAction\":[{\"@type\":\"ReadAction\",\"target\":[\"https:\/\/www.franz-josef.cz\/2023\/11\/museum-ziskalo-dalsi-raritu-sklenenou-desku-ze-ktere-se-vyrabely-zname-fotografie\/\"]}]},{\"@type\":\"ImageObject\",\"inLanguage\":\"en-GB\",\"@id\":\"https:\/\/www.franz-josef.cz\/2023\/11\/museum-ziskalo-dalsi-raritu-sklenenou-desku-ze-ktere-se-vyrabely-zname-fotografie\/#primaryimage\",\"url\":\"https:\/\/www.franz-josef.cz\/wp-content\/uploads\/2023\/11\/s-l1600.jpg\",\"contentUrl\":\"https:\/\/www.franz-josef.cz\/wp-content\/uploads\/2023\/11\/s-l1600.jpg\",\"width\":1483,\"height\":1535},{\"@type\":\"BreadcrumbList\",\"@id\":\"https:\/\/www.franz-josef.cz\/2023\/11\/museum-ziskalo-dalsi-raritu-sklenenou-desku-ze-ktere-se-vyrabely-zname-fotografie\/#breadcrumb\",\"itemListElement\":[{\"@type\":\"ListItem\",\"position\":1,\"name\":\"Home\",\"item\":\"https:\/\/www.franz-josef.cz\/\"},{\"@type\":\"ListItem\",\"position\":2,\"name\":\"Museum z\u00edskalo dal\u0161\u00ed raritu- sklen\u011bnou desku, ze kter\u00e9 se vyr\u00e1b\u011bly zn\u00e1m\u00e9 fotografie\"}]},{\"@type\":\"WebSite\",\"@id\":\"https:\/\/www.franz-josef.cz\/#website\",\"url\":\"https:\/\/www.franz-josef.cz\/\",\"name\":\"Muzeum c\u00edsa\u0159e Franz Josefa I.\",\"description\":\"\",\"publisher\":{\"@id\":\"https:\/\/www.franz-josef.cz\/#organization\"},\"alternateName\":\"Franz Joseph\",\"potentialAction\":[{\"@type\":\"SearchAction\",\"target\":{\"@type\":\"EntryPoint\",\"urlTemplate\":\"https:\/\/www.franz-josef.cz\/?s={search_term_string}\"},\"query-input\":{\"@type\":\"PropertyValueSpecification\",\"valueRequired\":true,\"valueName\":\"search_term_string\"}}],\"inLanguage\":\"en-GB\"},{\"@type\":\"Organization\",\"@id\":\"https:\/\/www.franz-josef.cz\/#organization\",\"name\":\"Muzeum Franz Josefa I.\",\"alternateName\":\"Franz Jozef\",\"url\":\"https:\/\/www.franz-josef.cz\/\",\"logo\":{\"@type\":\"ImageObject\",\"inLanguage\":\"en-GB\",\"@id\":\"https:\/\/www.franz-josef.cz\/#\/schema\/logo\/image\/\",\"url\":\"https:\/\/www.franz-josef.cz\/wp-content\/uploads\/2023\/08\/Muzeum-Franz-Jozef-logo-696x696-1.png\",\"contentUrl\":\"https:\/\/www.franz-josef.cz\/wp-content\/uploads\/2023\/08\/Muzeum-Franz-Jozef-logo-696x696-1.png\",\"width\":696,\"height\":696,\"caption\":\"Muzeum Franz Josefa I.\"},\"image\":{\"@id\":\"https:\/\/www.franz-josef.cz\/#\/schema\/logo\/image\/\"}},{\"@type\":\"Person\",\"@id\":\"https:\/\/www.franz-josef.cz\/#\/schema\/person\/8969e4163e8645ab6b4a5800dee7ac56\",\"name\":\"Franti\u0161ek V\u00e1clav\",\"image\":{\"@type\":\"ImageObject\",\"inLanguage\":\"en-GB\",\"@id\":\"https:\/\/secure.gravatar.com\/avatar\/7f232604e07f8f8ccb36ba9892a95eace396992330e5ee18fcf994f5a0eaf9b8?s=96&d=mm&r=g\",\"url\":\"https:\/\/secure.gravatar.com\/avatar\/7f232604e07f8f8ccb36ba9892a95eace396992330e5ee18fcf994f5a0eaf9b8?s=96&d=mm&r=g\",\"contentUrl\":\"https:\/\/secure.gravatar.com\/avatar\/7f232604e07f8f8ccb36ba9892a95eace396992330e5ee18fcf994f5a0eaf9b8?s=96&d=mm&r=g\",\"caption\":\"Franti\u0161ek V\u00e1clav\"},\"url\":\"https:\/\/www.franz-josef.cz\/en\/author\/frantav\/\"}]}<\/script>\n<!-- \/ Yoast SEO Premium plugin. -->","yoast_head_json":{"title":"Museum z\u00edskalo dal\u0161\u00ed raritu- sklen\u011bnou desku, ze kter\u00e9 se vyr\u00e1b\u011bly zn\u00e1m\u00e9 fotografie &#8212; Muzeum c\u00edsa\u0159e Franz Josefa I.","robots":{"index":"index","follow":"follow","max-snippet":"max-snippet:-1","max-image-preview":"max-image-preview:large","max-video-preview":"max-video-preview:-1"},"canonical":"https:\/\/www.franz-josef.cz\/en\/2023\/11\/museum-ziskalo-dalsi-raritu-sklenenou-desku-ze-ktere-se-vyrabely-zname-fotografie\/","og_locale":"en_GB","og_type":"article","og_title":"Museum z\u00edskalo dal\u0161\u00ed raritu- sklen\u011bnou desku, ze kter\u00e9 se vyr\u00e1b\u011bly zn\u00e1m\u00e9 fotografie","og_description":"\u00a0 \u00a0 \u00a0 \u00a0 \u00a0 \u00a0 \u00a0 \u00a0 \u00a0 \u00a0UNIK\u00c1T-\u00a0 RRR!! &nbsp;","og_url":"https:\/\/www.franz-josef.cz\/en\/2023\/11\/museum-ziskalo-dalsi-raritu-sklenenou-desku-ze-ktere-se-vyrabely-zname-fotografie\/","og_site_name":"Muzeum c\u00edsa\u0159e Franz Josefa I.","article_published_time":"2023-11-25T19:08:43+00:00","article_modified_time":"2023-11-26T11:01:54+00:00","og_image":[{"width":1483,"height":1535,"url":"https:\/\/www.franz-josef.cz\/wp-content\/uploads\/2023\/11\/s-l1600.jpg","type":"image\/jpeg"}],"author":"Franti\u0161ek V\u00e1clav","twitter_card":"summary_large_image","twitter_misc":{"Written by":"Franti\u0161ek V\u00e1clav"},"schema":{"@context":"https:\/\/schema.org","@graph":[{"@type":"Article","@id":"https:\/\/www.franz-josef.cz\/2023\/11\/museum-ziskalo-dalsi-raritu-sklenenou-desku-ze-ktere-se-vyrabely-zname-fotografie\/#article","isPartOf":{"@id":"https:\/\/www.franz-josef.cz\/2023\/11\/museum-ziskalo-dalsi-raritu-sklenenou-desku-ze-ktere-se-vyrabely-zname-fotografie\/"},"author":{"name":"Franti\u0161ek V\u00e1clav","@id":"https:\/\/www.franz-josef.cz\/#\/schema\/person\/8969e4163e8645ab6b4a5800dee7ac56"},"headline":"Museum z\u00edskalo dal\u0161\u00ed raritu- sklen\u011bnou desku, ze kter\u00e9 se vyr\u00e1b\u011bly zn\u00e1m\u00e9 fotografie","datePublished":"2023-11-25T19:08:43+00:00","dateModified":"2023-11-26T11:01:54+00:00","mainEntityOfPage":{"@id":"https:\/\/www.franz-josef.cz\/2023\/11\/museum-ziskalo-dalsi-raritu-sklenenou-desku-ze-ktere-se-vyrabely-zname-fotografie\/"},"wordCount":21,"commentCount":0,"publisher":{"@id":"https:\/\/www.franz-josef.cz\/#organization"},"image":{"@id":"https:\/\/www.franz-josef.cz\/2023\/11\/museum-ziskalo-dalsi-raritu-sklenenou-desku-ze-ktere-se-vyrabely-zname-fotografie\/#primaryimage"},"thumbnailUrl":"https:\/\/www.franz-josef.cz\/wp-content\/uploads\/2023\/11\/s-l1600.jpg","articleSection":["Uncategorized"],"inLanguage":"en-GB","potentialAction":[{"@type":"CommentAction","name":"Comment","target":["https:\/\/www.franz-josef.cz\/2023\/11\/museum-ziskalo-dalsi-raritu-sklenenou-desku-ze-ktere-se-vyrabely-zname-fotografie\/#respond"]}]},{"@type":"WebPage","@id":"https:\/\/www.franz-josef.cz\/2023\/11\/museum-ziskalo-dalsi-raritu-sklenenou-desku-ze-ktere-se-vyrabely-zname-fotografie\/","url":"https:\/\/www.franz-josef.cz\/2023\/11\/museum-ziskalo-dalsi-raritu-sklenenou-desku-ze-ktere-se-vyrabely-zname-fotografie\/","name":"Museum z\u00edskalo dal\u0161\u00ed raritu- sklen\u011bnou desku, ze kter\u00e9 se vyr\u00e1b\u011bly zn\u00e1m\u00e9 fotografie &#8212; Muzeum c\u00edsa\u0159e Franz Josefa I.","isPartOf":{"@id":"https:\/\/www.franz-josef.cz\/#website"},"primaryImageOfPage":{"@id":"https:\/\/www.franz-josef.cz\/2023\/11\/museum-ziskalo-dalsi-raritu-sklenenou-desku-ze-ktere-se-vyrabely-zname-fotografie\/#primaryimage"},"image":{"@id":"https:\/\/www.franz-josef.cz\/2023\/11\/museum-ziskalo-dalsi-raritu-sklenenou-desku-ze-ktere-se-vyrabely-zname-fotografie\/#primaryimage"},"thumbnailUrl":"https:\/\/www.franz-josef.cz\/wp-content\/uploads\/2023\/11\/s-l1600.jpg","datePublished":"2023-11-25T19:08:43+00:00","dateModified":"2023-11-26T11:01:54+00:00","breadcrumb":{"@id":"https:\/\/www.franz-josef.cz\/2023\/11\/museum-ziskalo-dalsi-raritu-sklenenou-desku-ze-ktere-se-vyrabely-zname-fotografie\/#breadcrumb"},"inLanguage":"en-GB","potentialAction":[{"@type":"ReadAction","target":["https:\/\/www.franz-josef.cz\/2023\/11\/museum-ziskalo-dalsi-raritu-sklenenou-desku-ze-ktere-se-vyrabely-zname-fotografie\/"]}]},{"@type":"ImageObject","inLanguage":"en-GB","@id":"https:\/\/www.franz-josef.cz\/2023\/11\/museum-ziskalo-dalsi-raritu-sklenenou-desku-ze-ktere-se-vyrabely-zname-fotografie\/#primaryimage","url":"https:\/\/www.franz-josef.cz\/wp-content\/uploads\/2023\/11\/s-l1600.jpg","contentUrl":"https:\/\/www.franz-josef.cz\/wp-content\/uploads\/2023\/11\/s-l1600.jpg","width":1483,"height":1535},{"@type":"BreadcrumbList","@id":"https:\/\/www.franz-josef.cz\/2023\/11\/museum-ziskalo-dalsi-raritu-sklenenou-desku-ze-ktere-se-vyrabely-zname-fotografie\/#breadcrumb","itemListElement":[{"@type":"ListItem","position":1,"name":"Home","item":"https:\/\/www.franz-josef.cz\/"},{"@type":"ListItem","position":2,"name":"Museum z\u00edskalo dal\u0161\u00ed raritu- sklen\u011bnou desku, ze kter\u00e9 se vyr\u00e1b\u011bly zn\u00e1m\u00e9 fotografie"}]},{"@type":"WebSite","@id":"https:\/\/www.franz-josef.cz\/#website","url":"https:\/\/www.franz-josef.cz\/","name":"Muzeum c\u00edsa\u0159e Franz Josefa I.","description":"","publisher":{"@id":"https:\/\/www.franz-josef.cz\/#organization"},"alternateName":"Franz Joseph","potentialAction":[{"@type":"SearchAction","target":{"@type":"EntryPoint","urlTemplate":"https:\/\/www.franz-josef.cz\/?s={search_term_string}"},"query-input":{"@type":"PropertyValueSpecification","valueRequired":true,"valueName":"search_term_string"}}],"inLanguage":"en-GB"},{"@type":"Organization","@id":"https:\/\/www.franz-josef.cz\/#organization","name":"Muzeum Franz Josefa I.","alternateName":"Franz Jozef","url":"https:\/\/www.franz-josef.cz\/","logo":{"@type":"ImageObject","inLanguage":"en-GB","@id":"https:\/\/www.franz-josef.cz\/#\/schema\/logo\/image\/","url":"https:\/\/www.franz-josef.cz\/wp-content\/uploads\/2023\/08\/Muzeum-Franz-Jozef-logo-696x696-1.png","contentUrl":"https:\/\/www.franz-josef.cz\/wp-content\/uploads\/2023\/08\/Muzeum-Franz-Jozef-logo-696x696-1.png","width":696,"height":696,"caption":"Muzeum Franz Josefa I."},"image":{"@id":"https:\/\/www.franz-josef.cz\/#\/schema\/logo\/image\/"}},{"@type":"Person","@id":"https:\/\/www.franz-josef.cz\/#\/schema\/person\/8969e4163e8645ab6b4a5800dee7ac56","name":"Franti\u0161ek V\u00e1clav","image":{"@type":"ImageObject","inLanguage":"en-GB","@id":"https:\/\/secure.gravatar.com\/avatar\/7f232604e07f8f8ccb36ba9892a95eace396992330e5ee18fcf994f5a0eaf9b8?s=96&d=mm&r=g","url":"https:\/\/secure.gravatar.com\/avatar\/7f232604e07f8f8ccb36ba9892a95eace396992330e5ee18fcf994f5a0eaf9b8?s=96&d=mm&r=g","contentUrl":"https:\/\/secure.gravatar.com\/avatar\/7f232604e07f8f8ccb36ba9892a95eace396992330e5ee18fcf994f5a0eaf9b8?s=96&d=mm&r=g","caption":"Franti\u0161ek V\u00e1clav"},"url":"https:\/\/www.franz-josef.cz\/en\/author\/frantav\/"}]}},"_links":{"self":[{"href":"https:\/\/www.franz-josef.cz\/en\/wp-json\/wp\/v2\/posts\/53335","targetHints":{"allow":["GET"]}}],"collection":[{"href":"https:\/\/www.franz-josef.cz\/en\/wp-json\/wp\/v2\/posts"}],"about":[{"href":"https:\/\/www.franz-josef.cz\/en\/wp-json\/wp\/v2\/types\/post"}],"author":[{"embeddable":true,"href":"https:\/\/www.franz-josef.cz\/en\/wp-json\/wp\/v2\/users\/3"}],"replies":[{"embeddable":true,"href":"https:\/\/www.franz-josef.cz\/en\/wp-json\/wp\/v2\/comments?post=53335"}],"version-history":[{"count":3,"href":"https:\/\/www.franz-josef.cz\/en\/wp-json\/wp\/v2\/posts\/53335\/revisions"}],"predecessor-version":[{"id":53348,"href":"https:\/\/www.franz-josef.cz\/en\/wp-json\/wp\/v2\/posts\/53335\/revisions\/53348"}],"wp:featuredmedia":[{"embeddable":true,"href":"https:\/\/www.franz-josef.cz\/en\/wp-json\/wp\/v2\/media\/53336"}],"wp:attachment":[{"href":"https:\/\/www.franz-josef.cz\/en\/wp-json\/wp\/v2\/media?parent=53335"}],"wp:term":[{"taxonomy":"category","embeddable":true,"href":"https:\/\/www.franz-josef.cz\/en\/wp-json\/wp\/v2\/categories?post=53335"},{"taxonomy":"post_tag","embeddable":true,"href":"https:\/\/www.franz-josef.cz\/en\/wp-json\/wp\/v2\/tags?post=53335"}],"curies":[{"name":"wp","href":"https:\/\/api.w.org\/{rel}","templated":true}]}}