{"id":53476,"date":"2023-12-13T19:54:32","date_gmt":"2023-12-13T18:54:32","guid":{"rendered":"https:\/\/www.franz-josef.cz\/?p=53476"},"modified":"2023-12-13T19:54:32","modified_gmt":"2023-12-13T18:54:32","slug":"cisar-karel-i-umrtni-sklenene-foto","status":"publish","type":"post","link":"https:\/\/www.franz-josef.cz\/en\/2023\/12\/cisar-karel-i-umrtni-sklenene-foto\/","title":{"rendered":"Emperor Charles I - death glass photo"},"content":{"rendered":"<p><strong>The Museum acquired another rarity - a death glass photo of Emperor Charles I + a postcard from this <\/strong><\/p>\n<p><strong>produced a glass negative (including the stamp of the producer of this postcard) - EXTRAORDINARY\u00a0<\/strong><\/p>\n<p><img fetchpriority=\"high\" decoding=\"async\" class=\"alignnone size-large wp-image-53474\" src=\"https:\/\/www.franz-josef.cz\/wp-content\/uploads\/2023\/12\/66-1024x659.jpg\" alt=\"\" width=\"1024\" height=\"659\" srcset=\"https:\/\/www.franz-josef.cz\/wp-content\/uploads\/2023\/12\/66-1024x659.jpg 1024w, https:\/\/www.franz-josef.cz\/wp-content\/uploads\/2023\/12\/66-300x193.jpg 300w, https:\/\/www.franz-josef.cz\/wp-content\/uploads\/2023\/12\/66-768x495.jpg 768w, https:\/\/www.franz-josef.cz\/wp-content\/uploads\/2023\/12\/66-18x12.jpg 18w, https:\/\/www.franz-josef.cz\/wp-content\/uploads\/2023\/12\/66.jpg 1112w\" sizes=\"(max-width: 1024px) 100vw, 1024px\" \/><img decoding=\"async\" class=\"alignnone size-large wp-image-53475 lazyload\" data-src=\"https:\/\/www.franz-josef.cz\/wp-content\/uploads\/2023\/12\/67-1024x996.jpg\" alt=\"\" width=\"1024\" height=\"996\" data-srcset=\"https:\/\/www.franz-josef.cz\/wp-content\/uploads\/2023\/12\/67-1024x996.jpg 1024w, https:\/\/www.franz-josef.cz\/wp-content\/uploads\/2023\/12\/67-300x292.jpg 300w, https:\/\/www.franz-josef.cz\/wp-content\/uploads\/2023\/12\/67-768x747.jpg 768w, https:\/\/www.franz-josef.cz\/wp-content\/uploads\/2023\/12\/67-1536x1495.jpg 1536w, https:\/\/www.franz-josef.cz\/wp-content\/uploads\/2023\/12\/67-12x12.jpg 12w, https:\/\/www.franz-josef.cz\/wp-content\/uploads\/2023\/12\/67.jpg 1706w\" data-sizes=\"(max-width: 1024px) 100vw, 1024px\" src=\"data:image\/gif;base64,R0lGODlhAQABAAAAACH5BAEKAAEALAAAAAABAAEAAAICTAEAOw==\" style=\"--smush-placeholder-width: 1024px; --smush-placeholder-aspect-ratio: 1024\/996;\" \/><noscript><img decoding=\"async\" class=\"alignnone size-large wp-image-53475\" src=\"https:\/\/www.franz-josef.cz\/wp-content\/uploads\/2023\/12\/67-1024x996.jpg\" alt=\"\" width=\"1024\" height=\"996\" srcset=\"https:\/\/www.franz-josef.cz\/wp-content\/uploads\/2023\/12\/67-1024x996.jpg 1024w, https:\/\/www.franz-josef.cz\/wp-content\/uploads\/2023\/12\/67-300x292.jpg 300w, https:\/\/www.franz-josef.cz\/wp-content\/uploads\/2023\/12\/67-768x747.jpg 768w, https:\/\/www.franz-josef.cz\/wp-content\/uploads\/2023\/12\/67-1536x1495.jpg 1536w, https:\/\/www.franz-josef.cz\/wp-content\/uploads\/2023\/12\/67-12x12.jpg 12w, https:\/\/www.franz-josef.cz\/wp-content\/uploads\/2023\/12\/67.jpg 1706w\" sizes=\"(max-width: 1024px) 100vw, 1024px\" \/><\/noscript><\/p>","protected":false},"excerpt":{"rendered":"<p>Museum z\u00edskalo dal\u0161\u00ed raritu- \u00famrtn\u00ed sklen\u011bn\u00e9 foto c\u00edsa\u0159e Karla I. + pohlednici, kter\u00e1 se z tohoto sklen\u011bn\u00e9ho negativu vyr\u00e1b\u011bla ( v\u010detn\u011b raz\u00edtka v\u00fdrobce t\u00e9to pohlednice)- MIMO\u0158\u00c1DN\u00c9\u00a0<\/p>","protected":false},"author":3,"featured_media":53475,"comment_status":"open","ping_status":"open","sticky":false,"template":"","format":"standard","meta":{"inline_featured_image":false,"footnotes":""},"categories":[62],"tags":[],"class_list":["post-53476","post","type-post","status-publish","format-standard","has-post-thumbnail","hentry","category-uncategorized-sk"],"yoast_head":"<!-- This site is optimized with the Yoast SEO Premium plugin v20.12 (Yoast SEO v27.2) - https:\/\/yoast.com\/product\/yoast-seo-premium-wordpress\/ -->\n<title>C\u00edsa\u0159 Karel I.- \u00famrtn\u00ed sklen\u011bn\u00e9 foto &#8212; Muzeum c\u00edsa\u0159e Franz Josefa I.<\/title>\n<meta name=\"robots\" content=\"index, follow, max-snippet:-1, max-image-preview:large, max-video-preview:-1\" \/>\n<link rel=\"canonical\" href=\"https:\/\/www.franz-josef.cz\/en\/2023\/12\/cisar-karel-i-umrtni-sklenene-foto\/\" \/>\n<meta property=\"og:locale\" content=\"en_GB\" \/>\n<meta property=\"og:type\" content=\"article\" \/>\n<meta property=\"og:title\" content=\"C\u00edsa\u0159 Karel I.- \u00famrtn\u00ed sklen\u011bn\u00e9 foto\" \/>\n<meta property=\"og:description\" content=\"Museum z\u00edskalo dal\u0161\u00ed raritu- \u00famrtn\u00ed sklen\u011bn\u00e9 foto c\u00edsa\u0159e Karla I. + pohlednici, kter\u00e1 se z tohoto sklen\u011bn\u00e9ho negativu vyr\u00e1b\u011bla ( v\u010detn\u011b raz\u00edtka v\u00fdrobce t\u00e9to pohlednice)- MIMO\u0158\u00c1DN\u00c9\u00a0\" \/>\n<meta property=\"og:url\" content=\"https:\/\/www.franz-josef.cz\/en\/2023\/12\/cisar-karel-i-umrtni-sklenene-foto\/\" \/>\n<meta property=\"og:site_name\" content=\"Muzeum c\u00edsa\u0159e Franz Josefa I.\" \/>\n<meta property=\"article:published_time\" content=\"2023-12-13T18:54:32+00:00\" \/>\n<meta property=\"og:image\" content=\"https:\/\/www.franz-josef.cz\/wp-content\/uploads\/2023\/12\/67.jpg\" \/>\n\t<meta property=\"og:image:width\" content=\"1706\" \/>\n\t<meta property=\"og:image:height\" content=\"1660\" \/>\n\t<meta property=\"og:image:type\" content=\"image\/jpeg\" \/>\n<meta name=\"author\" content=\"Franti\u0161ek V\u00e1clav\" \/>\n<meta name=\"twitter:card\" content=\"summary_large_image\" \/>\n<meta name=\"twitter:label1\" content=\"Written by\" \/>\n\t<meta name=\"twitter:data1\" content=\"Franti\u0161ek V\u00e1clav\" \/>\n<script type=\"application\/ld+json\" class=\"yoast-schema-graph\">{\"@context\":\"https:\/\/schema.org\",\"@graph\":[{\"@type\":\"Article\",\"@id\":\"https:\/\/www.franz-josef.cz\/2023\/12\/cisar-karel-i-umrtni-sklenene-foto\/#article\",\"isPartOf\":{\"@id\":\"https:\/\/www.franz-josef.cz\/2023\/12\/cisar-karel-i-umrtni-sklenene-foto\/\"},\"author\":{\"name\":\"Franti\u0161ek V\u00e1clav\",\"@id\":\"https:\/\/www.franz-josef.cz\/#\/schema\/person\/8969e4163e8645ab6b4a5800dee7ac56\"},\"headline\":\"C\u00edsa\u0159 Karel I.- \u00famrtn\u00ed sklen\u011bn\u00e9 foto\",\"datePublished\":\"2023-12-13T18:54:32+00:00\",\"mainEntityOfPage\":{\"@id\":\"https:\/\/www.franz-josef.cz\/2023\/12\/cisar-karel-i-umrtni-sklenene-foto\/\"},\"wordCount\":47,\"commentCount\":1,\"publisher\":{\"@id\":\"https:\/\/www.franz-josef.cz\/#organization\"},\"image\":{\"@id\":\"https:\/\/www.franz-josef.cz\/2023\/12\/cisar-karel-i-umrtni-sklenene-foto\/#primaryimage\"},\"thumbnailUrl\":\"https:\/\/www.franz-josef.cz\/wp-content\/uploads\/2023\/12\/67.jpg\",\"articleSection\":[\"Uncategorized\"],\"inLanguage\":\"en-GB\",\"potentialAction\":[{\"@type\":\"CommentAction\",\"name\":\"Comment\",\"target\":[\"https:\/\/www.franz-josef.cz\/2023\/12\/cisar-karel-i-umrtni-sklenene-foto\/#respond\"]}]},{\"@type\":\"WebPage\",\"@id\":\"https:\/\/www.franz-josef.cz\/2023\/12\/cisar-karel-i-umrtni-sklenene-foto\/\",\"url\":\"https:\/\/www.franz-josef.cz\/2023\/12\/cisar-karel-i-umrtni-sklenene-foto\/\",\"name\":\"C\u00edsa\u0159 Karel I.- \u00famrtn\u00ed sklen\u011bn\u00e9 foto &#8212; Muzeum c\u00edsa\u0159e Franz Josefa I.\",\"isPartOf\":{\"@id\":\"https:\/\/www.franz-josef.cz\/#website\"},\"primaryImageOfPage\":{\"@id\":\"https:\/\/www.franz-josef.cz\/2023\/12\/cisar-karel-i-umrtni-sklenene-foto\/#primaryimage\"},\"image\":{\"@id\":\"https:\/\/www.franz-josef.cz\/2023\/12\/cisar-karel-i-umrtni-sklenene-foto\/#primaryimage\"},\"thumbnailUrl\":\"https:\/\/www.franz-josef.cz\/wp-content\/uploads\/2023\/12\/67.jpg\",\"datePublished\":\"2023-12-13T18:54:32+00:00\",\"breadcrumb\":{\"@id\":\"https:\/\/www.franz-josef.cz\/2023\/12\/cisar-karel-i-umrtni-sklenene-foto\/#breadcrumb\"},\"inLanguage\":\"en-GB\",\"potentialAction\":[{\"@type\":\"ReadAction\",\"target\":[\"https:\/\/www.franz-josef.cz\/2023\/12\/cisar-karel-i-umrtni-sklenene-foto\/\"]}]},{\"@type\":\"ImageObject\",\"inLanguage\":\"en-GB\",\"@id\":\"https:\/\/www.franz-josef.cz\/2023\/12\/cisar-karel-i-umrtni-sklenene-foto\/#primaryimage\",\"url\":\"https:\/\/www.franz-josef.cz\/wp-content\/uploads\/2023\/12\/67.jpg\",\"contentUrl\":\"https:\/\/www.franz-josef.cz\/wp-content\/uploads\/2023\/12\/67.jpg\",\"width\":1706,\"height\":1660},{\"@type\":\"BreadcrumbList\",\"@id\":\"https:\/\/www.franz-josef.cz\/2023\/12\/cisar-karel-i-umrtni-sklenene-foto\/#breadcrumb\",\"itemListElement\":[{\"@type\":\"ListItem\",\"position\":1,\"name\":\"Home\",\"item\":\"https:\/\/www.franz-josef.cz\/\"},{\"@type\":\"ListItem\",\"position\":2,\"name\":\"C\u00edsa\u0159 Karel I.- \u00famrtn\u00ed sklen\u011bn\u00e9 foto\"}]},{\"@type\":\"WebSite\",\"@id\":\"https:\/\/www.franz-josef.cz\/#website\",\"url\":\"https:\/\/www.franz-josef.cz\/\",\"name\":\"Muzeum c\u00edsa\u0159e Franz Josefa I.\",\"description\":\"\",\"publisher\":{\"@id\":\"https:\/\/www.franz-josef.cz\/#organization\"},\"alternateName\":\"Franz Joseph\",\"potentialAction\":[{\"@type\":\"SearchAction\",\"target\":{\"@type\":\"EntryPoint\",\"urlTemplate\":\"https:\/\/www.franz-josef.cz\/?s={search_term_string}\"},\"query-input\":{\"@type\":\"PropertyValueSpecification\",\"valueRequired\":true,\"valueName\":\"search_term_string\"}}],\"inLanguage\":\"en-GB\"},{\"@type\":\"Organization\",\"@id\":\"https:\/\/www.franz-josef.cz\/#organization\",\"name\":\"Muzeum Franz Josefa I.\",\"alternateName\":\"Franz Jozef\",\"url\":\"https:\/\/www.franz-josef.cz\/\",\"logo\":{\"@type\":\"ImageObject\",\"inLanguage\":\"en-GB\",\"@id\":\"https:\/\/www.franz-josef.cz\/#\/schema\/logo\/image\/\",\"url\":\"https:\/\/www.franz-josef.cz\/wp-content\/uploads\/2023\/08\/Muzeum-Franz-Jozef-logo-696x696-1.png\",\"contentUrl\":\"https:\/\/www.franz-josef.cz\/wp-content\/uploads\/2023\/08\/Muzeum-Franz-Jozef-logo-696x696-1.png\",\"width\":696,\"height\":696,\"caption\":\"Muzeum Franz Josefa I.\"},\"image\":{\"@id\":\"https:\/\/www.franz-josef.cz\/#\/schema\/logo\/image\/\"}},{\"@type\":\"Person\",\"@id\":\"https:\/\/www.franz-josef.cz\/#\/schema\/person\/8969e4163e8645ab6b4a5800dee7ac56\",\"name\":\"Franti\u0161ek V\u00e1clav\",\"image\":{\"@type\":\"ImageObject\",\"inLanguage\":\"en-GB\",\"@id\":\"https:\/\/secure.gravatar.com\/avatar\/7f232604e07f8f8ccb36ba9892a95eace396992330e5ee18fcf994f5a0eaf9b8?s=96&d=mm&r=g\",\"url\":\"https:\/\/secure.gravatar.com\/avatar\/7f232604e07f8f8ccb36ba9892a95eace396992330e5ee18fcf994f5a0eaf9b8?s=96&d=mm&r=g\",\"contentUrl\":\"https:\/\/secure.gravatar.com\/avatar\/7f232604e07f8f8ccb36ba9892a95eace396992330e5ee18fcf994f5a0eaf9b8?s=96&d=mm&r=g\",\"caption\":\"Franti\u0161ek V\u00e1clav\"},\"url\":\"https:\/\/www.franz-josef.cz\/en\/author\/frantav\/\"}]}<\/script>\n<!-- \/ Yoast SEO Premium plugin. -->","yoast_head_json":{"title":"C\u00edsa\u0159 Karel I.- \u00famrtn\u00ed sklen\u011bn\u00e9 foto &#8212; Muzeum c\u00edsa\u0159e Franz Josefa I.","robots":{"index":"index","follow":"follow","max-snippet":"max-snippet:-1","max-image-preview":"max-image-preview:large","max-video-preview":"max-video-preview:-1"},"canonical":"https:\/\/www.franz-josef.cz\/en\/2023\/12\/cisar-karel-i-umrtni-sklenene-foto\/","og_locale":"en_GB","og_type":"article","og_title":"C\u00edsa\u0159 Karel I.- \u00famrtn\u00ed sklen\u011bn\u00e9 foto","og_description":"Museum z\u00edskalo dal\u0161\u00ed raritu- \u00famrtn\u00ed sklen\u011bn\u00e9 foto c\u00edsa\u0159e Karla I. + pohlednici, kter\u00e1 se z tohoto sklen\u011bn\u00e9ho negativu vyr\u00e1b\u011bla ( v\u010detn\u011b raz\u00edtka v\u00fdrobce t\u00e9to pohlednice)- MIMO\u0158\u00c1DN\u00c9\u00a0","og_url":"https:\/\/www.franz-josef.cz\/en\/2023\/12\/cisar-karel-i-umrtni-sklenene-foto\/","og_site_name":"Muzeum c\u00edsa\u0159e Franz Josefa I.","article_published_time":"2023-12-13T18:54:32+00:00","og_image":[{"width":1706,"height":1660,"url":"https:\/\/www.franz-josef.cz\/wp-content\/uploads\/2023\/12\/67.jpg","type":"image\/jpeg"}],"author":"Franti\u0161ek V\u00e1clav","twitter_card":"summary_large_image","twitter_misc":{"Written by":"Franti\u0161ek V\u00e1clav"},"schema":{"@context":"https:\/\/schema.org","@graph":[{"@type":"Article","@id":"https:\/\/www.franz-josef.cz\/2023\/12\/cisar-karel-i-umrtni-sklenene-foto\/#article","isPartOf":{"@id":"https:\/\/www.franz-josef.cz\/2023\/12\/cisar-karel-i-umrtni-sklenene-foto\/"},"author":{"name":"Franti\u0161ek V\u00e1clav","@id":"https:\/\/www.franz-josef.cz\/#\/schema\/person\/8969e4163e8645ab6b4a5800dee7ac56"},"headline":"C\u00edsa\u0159 Karel I.- \u00famrtn\u00ed sklen\u011bn\u00e9 foto","datePublished":"2023-12-13T18:54:32+00:00","mainEntityOfPage":{"@id":"https:\/\/www.franz-josef.cz\/2023\/12\/cisar-karel-i-umrtni-sklenene-foto\/"},"wordCount":47,"commentCount":1,"publisher":{"@id":"https:\/\/www.franz-josef.cz\/#organization"},"image":{"@id":"https:\/\/www.franz-josef.cz\/2023\/12\/cisar-karel-i-umrtni-sklenene-foto\/#primaryimage"},"thumbnailUrl":"https:\/\/www.franz-josef.cz\/wp-content\/uploads\/2023\/12\/67.jpg","articleSection":["Uncategorized"],"inLanguage":"en-GB","potentialAction":[{"@type":"CommentAction","name":"Comment","target":["https:\/\/www.franz-josef.cz\/2023\/12\/cisar-karel-i-umrtni-sklenene-foto\/#respond"]}]},{"@type":"WebPage","@id":"https:\/\/www.franz-josef.cz\/2023\/12\/cisar-karel-i-umrtni-sklenene-foto\/","url":"https:\/\/www.franz-josef.cz\/2023\/12\/cisar-karel-i-umrtni-sklenene-foto\/","name":"C\u00edsa\u0159 Karel I.- \u00famrtn\u00ed sklen\u011bn\u00e9 foto &#8212; Muzeum c\u00edsa\u0159e Franz Josefa I.","isPartOf":{"@id":"https:\/\/www.franz-josef.cz\/#website"},"primaryImageOfPage":{"@id":"https:\/\/www.franz-josef.cz\/2023\/12\/cisar-karel-i-umrtni-sklenene-foto\/#primaryimage"},"image":{"@id":"https:\/\/www.franz-josef.cz\/2023\/12\/cisar-karel-i-umrtni-sklenene-foto\/#primaryimage"},"thumbnailUrl":"https:\/\/www.franz-josef.cz\/wp-content\/uploads\/2023\/12\/67.jpg","datePublished":"2023-12-13T18:54:32+00:00","breadcrumb":{"@id":"https:\/\/www.franz-josef.cz\/2023\/12\/cisar-karel-i-umrtni-sklenene-foto\/#breadcrumb"},"inLanguage":"en-GB","potentialAction":[{"@type":"ReadAction","target":["https:\/\/www.franz-josef.cz\/2023\/12\/cisar-karel-i-umrtni-sklenene-foto\/"]}]},{"@type":"ImageObject","inLanguage":"en-GB","@id":"https:\/\/www.franz-josef.cz\/2023\/12\/cisar-karel-i-umrtni-sklenene-foto\/#primaryimage","url":"https:\/\/www.franz-josef.cz\/wp-content\/uploads\/2023\/12\/67.jpg","contentUrl":"https:\/\/www.franz-josef.cz\/wp-content\/uploads\/2023\/12\/67.jpg","width":1706,"height":1660},{"@type":"BreadcrumbList","@id":"https:\/\/www.franz-josef.cz\/2023\/12\/cisar-karel-i-umrtni-sklenene-foto\/#breadcrumb","itemListElement":[{"@type":"ListItem","position":1,"name":"Home","item":"https:\/\/www.franz-josef.cz\/"},{"@type":"ListItem","position":2,"name":"C\u00edsa\u0159 Karel I.- \u00famrtn\u00ed sklen\u011bn\u00e9 foto"}]},{"@type":"WebSite","@id":"https:\/\/www.franz-josef.cz\/#website","url":"https:\/\/www.franz-josef.cz\/","name":"Muzeum c\u00edsa\u0159e Franz Josefa I.","description":"","publisher":{"@id":"https:\/\/www.franz-josef.cz\/#organization"},"alternateName":"Franz Joseph","potentialAction":[{"@type":"SearchAction","target":{"@type":"EntryPoint","urlTemplate":"https:\/\/www.franz-josef.cz\/?s={search_term_string}"},"query-input":{"@type":"PropertyValueSpecification","valueRequired":true,"valueName":"search_term_string"}}],"inLanguage":"en-GB"},{"@type":"Organization","@id":"https:\/\/www.franz-josef.cz\/#organization","name":"Muzeum Franz Josefa I.","alternateName":"Franz Jozef","url":"https:\/\/www.franz-josef.cz\/","logo":{"@type":"ImageObject","inLanguage":"en-GB","@id":"https:\/\/www.franz-josef.cz\/#\/schema\/logo\/image\/","url":"https:\/\/www.franz-josef.cz\/wp-content\/uploads\/2023\/08\/Muzeum-Franz-Jozef-logo-696x696-1.png","contentUrl":"https:\/\/www.franz-josef.cz\/wp-content\/uploads\/2023\/08\/Muzeum-Franz-Jozef-logo-696x696-1.png","width":696,"height":696,"caption":"Muzeum Franz Josefa I."},"image":{"@id":"https:\/\/www.franz-josef.cz\/#\/schema\/logo\/image\/"}},{"@type":"Person","@id":"https:\/\/www.franz-josef.cz\/#\/schema\/person\/8969e4163e8645ab6b4a5800dee7ac56","name":"Franti\u0161ek V\u00e1clav","image":{"@type":"ImageObject","inLanguage":"en-GB","@id":"https:\/\/secure.gravatar.com\/avatar\/7f232604e07f8f8ccb36ba9892a95eace396992330e5ee18fcf994f5a0eaf9b8?s=96&d=mm&r=g","url":"https:\/\/secure.gravatar.com\/avatar\/7f232604e07f8f8ccb36ba9892a95eace396992330e5ee18fcf994f5a0eaf9b8?s=96&d=mm&r=g","contentUrl":"https:\/\/secure.gravatar.com\/avatar\/7f232604e07f8f8ccb36ba9892a95eace396992330e5ee18fcf994f5a0eaf9b8?s=96&d=mm&r=g","caption":"Franti\u0161ek V\u00e1clav"},"url":"https:\/\/www.franz-josef.cz\/en\/author\/frantav\/"}]}},"_links":{"self":[{"href":"https:\/\/www.franz-josef.cz\/en\/wp-json\/wp\/v2\/posts\/53476","targetHints":{"allow":["GET"]}}],"collection":[{"href":"https:\/\/www.franz-josef.cz\/en\/wp-json\/wp\/v2\/posts"}],"about":[{"href":"https:\/\/www.franz-josef.cz\/en\/wp-json\/wp\/v2\/types\/post"}],"author":[{"embeddable":true,"href":"https:\/\/www.franz-josef.cz\/en\/wp-json\/wp\/v2\/users\/3"}],"replies":[{"embeddable":true,"href":"https:\/\/www.franz-josef.cz\/en\/wp-json\/wp\/v2\/comments?post=53476"}],"version-history":[{"count":1,"href":"https:\/\/www.franz-josef.cz\/en\/wp-json\/wp\/v2\/posts\/53476\/revisions"}],"predecessor-version":[{"id":53479,"href":"https:\/\/www.franz-josef.cz\/en\/wp-json\/wp\/v2\/posts\/53476\/revisions\/53479"}],"wp:featuredmedia":[{"embeddable":true,"href":"https:\/\/www.franz-josef.cz\/en\/wp-json\/wp\/v2\/media\/53475"}],"wp:attachment":[{"href":"https:\/\/www.franz-josef.cz\/en\/wp-json\/wp\/v2\/media?parent=53476"}],"wp:term":[{"taxonomy":"category","embeddable":true,"href":"https:\/\/www.franz-josef.cz\/en\/wp-json\/wp\/v2\/categories?post=53476"},{"taxonomy":"post_tag","embeddable":true,"href":"https:\/\/www.franz-josef.cz\/en\/wp-json\/wp\/v2\/tags?post=53476"}],"curies":[{"name":"wp","href":"https:\/\/api.w.org\/{rel}","templated":true}]}}