{"id":53519,"date":"2023-12-21T16:47:15","date_gmt":"2023-12-21T15:47:15","guid":{"rendered":"https:\/\/www.franz-josef.cz\/?p=53519"},"modified":"2023-12-21T17:04:25","modified_gmt":"2023-12-21T16:04:25","slug":"hostka-u-steti-busta-cisare-fji","status":"publish","type":"post","link":"https:\/\/www.franz-josef.cz\/en\/2023\/12\/hostka-u-steti-busta-cisare-fji\/","title":{"rendered":"HO\u0160TKA NEAR \u0160T\u011aT\u00cd, BUST OF EMPEROR FJI"},"content":{"rendered":"<p align=\"JUSTIFY\"><span style=\"font-family: TimesNewRomanPSMT, serif\"><span style=\"font-size: medium\">Towards the end of the 19th century, a monument with a bust of Emperor Joseph II stood in the small Emperor Joseph II Square on the top right of the main square. After the dissolution of the Austro-Hungarian Empire, the bust of Joseph II was removed, but the pedestal remained in its original place. <\/span><\/span><\/p>\n<p align=\"JUSTIFY\"><span style=\"font-family: TimesNewRomanPSMT, serif\"><span style=\"font-size: medium\">\u00a0When the 80th anniversary of the founding of the Czech school in Ho\u0161tka (1918 - 1998) was approaching, the town administration decided to place a new bust on the pedestal, this time of Emperor Franz Joseph I. 1998 was also the year of the 150th anniversary of the accession of Emperor Franz Joseph I to the throne. The bust was designed by the artist Mr. V\u00e1clav Nov\u00e1k. This artist chose the imperial emblem as the main theme of the work, which was placed in the Bouda, the first Czech theatre in the Horse Market in Prague.<\/span><\/span><\/p>\n<p align=\"JUSTIFY\"><span style=\"font-family: TimesNewRomanPSMT, serif\"><span style=\"font-size: medium\"> The emblem represented an imperial eagle with a Bohemian lion on its breast and the Latin inscription \"Sum umbra alarum tuarum vincit leo\". The Czech translation of the motto is: \" In the shadow of your wings the lion triumphs.<\/span><\/span><\/p>\n<p align=\"JUSTIFY\"><span style=\"font-family: TimesNewRomanPSMT, serif\"><span style=\"font-size: medium\">The basis for the bust was a badly damaged bust of Emperor FJI from the private collection of Dr. Pavel St\u0159\u00edbrn\u00fd. Stucco artist Zden\u011bk Vahala repaired the bust, prepared it for casting and cast it in artificial stone.<\/span><\/span><\/p>\n<p align=\"JUSTIFY\"><span style=\"font-family: TimesNewRomanPSMT, serif\"><span style=\"font-size: medium\">The bust of Emperor Franz Joseph I in Ho\u0161tka is a completely unique work. It depicts the emperor at a young age of between 35 and 40 years and has a very well-designed central theme in metal around it. Below around the bust is the Czech royal crown, on the sides above the emperor are the symbolic wings of the imperial eagle and at the very top is the victorious Czech lion. The metal elements around the bust were made by Otto \u0160ubert from Prague. The bust was unveiled on 17 October 1998 by Master Adolf Born. <\/span><\/span><\/p>\n<p align=\"JUSTIFY\"><span style=\"font-family: TimesNewRomanPSMT, serif\"><span style=\"font-size: medium\">The bust of Emperor FJI in connection with metal elements is, in my opinion, only in Ho\u0161tka.<\/span><\/span><\/p>\n<p align=\"JUSTIFY\"><img fetchpriority=\"high\" decoding=\"async\" class=\"alignnone size-full wp-image-53521\" src=\"https:\/\/www.franz-josef.cz\/wp-content\/uploads\/2023\/12\/danekhostka_5597ret-scaled.jpg\" alt=\"\" width=\"2166\" height=\"2560\" srcset=\"https:\/\/www.franz-josef.cz\/wp-content\/uploads\/2023\/12\/danekhostka_5597ret-scaled.jpg 2166w, https:\/\/www.franz-josef.cz\/wp-content\/uploads\/2023\/12\/danekhostka_5597ret-254x300.jpg 254w, https:\/\/www.franz-josef.cz\/wp-content\/uploads\/2023\/12\/danekhostka_5597ret-866x1024.jpg 866w, https:\/\/www.franz-josef.cz\/wp-content\/uploads\/2023\/12\/danekhostka_5597ret-768x908.jpg 768w, https:\/\/www.franz-josef.cz\/wp-content\/uploads\/2023\/12\/danekhostka_5597ret-1299x1536.jpg 1299w, https:\/\/www.franz-josef.cz\/wp-content\/uploads\/2023\/12\/danekhostka_5597ret-1732x2048.jpg 1732w, https:\/\/www.franz-josef.cz\/wp-content\/uploads\/2023\/12\/danekhostka_5597ret-10x12.jpg 10w\" sizes=\"(max-width: 2166px) 100vw, 2166px\" \/><img decoding=\"async\" class=\"alignnone size-full wp-image-53520 lazyload\" data-src=\"https:\/\/www.franz-josef.cz\/wp-content\/uploads\/2023\/12\/danek-hostkaPOMRETUS_5592.jpg\" alt=\"\" width=\"1583\" height=\"2552\" data-srcset=\"https:\/\/www.franz-josef.cz\/wp-content\/uploads\/2023\/12\/danek-hostkaPOMRETUS_5592.jpg 1583w, https:\/\/www.franz-josef.cz\/wp-content\/uploads\/2023\/12\/danek-hostkaPOMRETUS_5592-186x300.jpg 186w, https:\/\/www.franz-josef.cz\/wp-content\/uploads\/2023\/12\/danek-hostkaPOMRETUS_5592-635x1024.jpg 635w, https:\/\/www.franz-josef.cz\/wp-content\/uploads\/2023\/12\/danek-hostkaPOMRETUS_5592-768x1238.jpg 768w, https:\/\/www.franz-josef.cz\/wp-content\/uploads\/2023\/12\/danek-hostkaPOMRETUS_5592-953x1536.jpg 953w, https:\/\/www.franz-josef.cz\/wp-content\/uploads\/2023\/12\/danek-hostkaPOMRETUS_5592-1270x2048.jpg 1270w, https:\/\/www.franz-josef.cz\/wp-content\/uploads\/2023\/12\/danek-hostkaPOMRETUS_5592-7x12.jpg 7w\" data-sizes=\"(max-width: 1583px) 100vw, 1583px\" src=\"data:image\/gif;base64,R0lGODlhAQABAAAAACH5BAEKAAEALAAAAAABAAEAAAICTAEAOw==\" style=\"--smush-placeholder-width: 1583px; --smush-placeholder-aspect-ratio: 1583\/2552;\" \/><noscript><img decoding=\"async\" class=\"alignnone size-full wp-image-53520\" src=\"https:\/\/www.franz-josef.cz\/wp-content\/uploads\/2023\/12\/danek-hostkaPOMRETUS_5592.jpg\" alt=\"\" width=\"1583\" height=\"2552\" srcset=\"https:\/\/www.franz-josef.cz\/wp-content\/uploads\/2023\/12\/danek-hostkaPOMRETUS_5592.jpg 1583w, https:\/\/www.franz-josef.cz\/wp-content\/uploads\/2023\/12\/danek-hostkaPOMRETUS_5592-186x300.jpg 186w, https:\/\/www.franz-josef.cz\/wp-content\/uploads\/2023\/12\/danek-hostkaPOMRETUS_5592-635x1024.jpg 635w, https:\/\/www.franz-josef.cz\/wp-content\/uploads\/2023\/12\/danek-hostkaPOMRETUS_5592-768x1238.jpg 768w, https:\/\/www.franz-josef.cz\/wp-content\/uploads\/2023\/12\/danek-hostkaPOMRETUS_5592-953x1536.jpg 953w, https:\/\/www.franz-josef.cz\/wp-content\/uploads\/2023\/12\/danek-hostkaPOMRETUS_5592-1270x2048.jpg 1270w, https:\/\/www.franz-josef.cz\/wp-content\/uploads\/2023\/12\/danek-hostkaPOMRETUS_5592-7x12.jpg 7w\" sizes=\"(max-width: 1583px) 100vw, 1583px\" \/><\/noscript><\/p>","protected":false},"excerpt":{"rendered":"<p>Ke konci 19. stolet\u00ed st\u00e1val na mal\u00e9m n\u00e1m\u011bst\u00ed c\u00edsa\u0159e Josefa II. vpravo naho\u0159e od hlavn\u00edho n\u00e1m\u011bst\u00ed pomn\u00edk s bustou c\u00edsa\u0159e Josefa II. Po z\u00e1niku Rakousko-Uherska byla busta Josefa II. odstran\u011bna, ale podstavec z\u016fstal na p\u016fvodn\u00edm m\u00edst\u011b. \u00a0Kdy\u017e se bl\u00ed\u017eilo 80. v\u00fdro\u010d\u00ed zalo\u017een\u00ed \u010desk\u00e9 \u0161koly v Ho\u0161tce (1918 \u2013 1998), rozhodlo se veden\u00ed m\u011bsta, \u017ee na [&hellip;]<\/p>","protected":false},"author":5,"featured_media":53521,"comment_status":"open","ping_status":"open","sticky":false,"template":"","format":"standard","meta":{"inline_featured_image":false,"footnotes":""},"categories":[62],"tags":[],"class_list":["post-53519","post","type-post","status-publish","format-standard","has-post-thumbnail","hentry","category-uncategorized-sk"],"yoast_head":"<!-- This site is optimized with the Yoast SEO Premium plugin v20.12 (Yoast SEO v27.2) - https:\/\/yoast.com\/product\/yoast-seo-premium-wordpress\/ -->\n<title>HO\u0160TKA U \u0160T\u011aT\u00cd, BUSTA C\u00cdSA\u0158E FJI &#8212; Muzeum c\u00edsa\u0159e Franz Josefa I.<\/title>\n<meta name=\"robots\" content=\"index, follow, max-snippet:-1, max-image-preview:large, max-video-preview:-1\" \/>\n<link rel=\"canonical\" href=\"https:\/\/www.franz-josef.cz\/en\/2023\/12\/hostka-u-steti-busta-cisare-fji\/\" \/>\n<meta property=\"og:locale\" content=\"en_GB\" \/>\n<meta property=\"og:type\" content=\"article\" \/>\n<meta property=\"og:title\" content=\"HO\u0160TKA U \u0160T\u011aT\u00cd, BUSTA C\u00cdSA\u0158E FJI\" \/>\n<meta property=\"og:description\" content=\"Ke konci 19. stolet\u00ed st\u00e1val na mal\u00e9m n\u00e1m\u011bst\u00ed c\u00edsa\u0159e Josefa II. vpravo naho\u0159e od hlavn\u00edho n\u00e1m\u011bst\u00ed pomn\u00edk s bustou c\u00edsa\u0159e Josefa II. Po z\u00e1niku Rakousko-Uherska byla busta Josefa II. odstran\u011bna, ale podstavec z\u016fstal na p\u016fvodn\u00edm m\u00edst\u011b. \u00a0Kdy\u017e se bl\u00ed\u017eilo 80. v\u00fdro\u010d\u00ed zalo\u017een\u00ed \u010desk\u00e9 \u0161koly v Ho\u0161tce (1918 \u2013 1998), rozhodlo se veden\u00ed m\u011bsta, \u017ee na [&hellip;]\" \/>\n<meta property=\"og:url\" content=\"https:\/\/www.franz-josef.cz\/en\/2023\/12\/hostka-u-steti-busta-cisare-fji\/\" \/>\n<meta property=\"og:site_name\" content=\"Muzeum c\u00edsa\u0159e Franz Josefa I.\" \/>\n<meta property=\"article:published_time\" content=\"2023-12-21T15:47:15+00:00\" \/>\n<meta property=\"article:modified_time\" content=\"2023-12-21T16:04:25+00:00\" \/>\n<meta property=\"og:image\" content=\"https:\/\/www.franz-josef.cz\/wp-content\/uploads\/2023\/12\/danekhostka_5597ret-scaled.jpg\" \/>\n\t<meta property=\"og:image:width\" content=\"2166\" \/>\n\t<meta property=\"og:image:height\" content=\"2560\" \/>\n\t<meta property=\"og:image:type\" content=\"image\/jpeg\" \/>\n<meta name=\"author\" content=\"Ji\u0159\u00ed Dan\u011bk\" \/>\n<meta name=\"twitter:card\" content=\"summary_large_image\" \/>\n<meta name=\"twitter:label1\" content=\"Written by\" \/>\n\t<meta name=\"twitter:data1\" content=\"Ji\u0159\u00ed Dan\u011bk\" \/>\n\t<meta name=\"twitter:label2\" content=\"Estimated reading time\" \/>\n\t<meta name=\"twitter:data2\" content=\"2 minutes\" \/>\n<script type=\"application\/ld+json\" class=\"yoast-schema-graph\">{\"@context\":\"https:\/\/schema.org\",\"@graph\":[{\"@type\":\"Article\",\"@id\":\"https:\/\/www.franz-josef.cz\/2023\/12\/hostka-u-steti-busta-cisare-fji\/#article\",\"isPartOf\":{\"@id\":\"https:\/\/www.franz-josef.cz\/2023\/12\/hostka-u-steti-busta-cisare-fji\/\"},\"author\":{\"name\":\"Ji\u0159\u00ed Dan\u011bk\",\"@id\":\"https:\/\/www.franz-josef.cz\/#\/schema\/person\/e1b307480319ee78798e96cee74e07e9\"},\"headline\":\"HO\u0160TKA U \u0160T\u011aT\u00cd, BUSTA C\u00cdSA\u0158E FJI\",\"datePublished\":\"2023-12-21T15:47:15+00:00\",\"dateModified\":\"2023-12-21T16:04:25+00:00\",\"mainEntityOfPage\":{\"@id\":\"https:\/\/www.franz-josef.cz\/2023\/12\/hostka-u-steti-busta-cisare-fji\/\"},\"wordCount\":358,\"commentCount\":0,\"publisher\":{\"@id\":\"https:\/\/www.franz-josef.cz\/#organization\"},\"image\":{\"@id\":\"https:\/\/www.franz-josef.cz\/2023\/12\/hostka-u-steti-busta-cisare-fji\/#primaryimage\"},\"thumbnailUrl\":\"https:\/\/www.franz-josef.cz\/wp-content\/uploads\/2023\/12\/danekhostka_5597ret-scaled.jpg\",\"articleSection\":[\"Uncategorized\"],\"inLanguage\":\"en-GB\",\"potentialAction\":[{\"@type\":\"CommentAction\",\"name\":\"Comment\",\"target\":[\"https:\/\/www.franz-josef.cz\/2023\/12\/hostka-u-steti-busta-cisare-fji\/#respond\"]}]},{\"@type\":\"WebPage\",\"@id\":\"https:\/\/www.franz-josef.cz\/2023\/12\/hostka-u-steti-busta-cisare-fji\/\",\"url\":\"https:\/\/www.franz-josef.cz\/2023\/12\/hostka-u-steti-busta-cisare-fji\/\",\"name\":\"HO\u0160TKA U \u0160T\u011aT\u00cd, BUSTA C\u00cdSA\u0158E FJI &#8212; Muzeum c\u00edsa\u0159e Franz Josefa I.\",\"isPartOf\":{\"@id\":\"https:\/\/www.franz-josef.cz\/#website\"},\"primaryImageOfPage\":{\"@id\":\"https:\/\/www.franz-josef.cz\/2023\/12\/hostka-u-steti-busta-cisare-fji\/#primaryimage\"},\"image\":{\"@id\":\"https:\/\/www.franz-josef.cz\/2023\/12\/hostka-u-steti-busta-cisare-fji\/#primaryimage\"},\"thumbnailUrl\":\"https:\/\/www.franz-josef.cz\/wp-content\/uploads\/2023\/12\/danekhostka_5597ret-scaled.jpg\",\"datePublished\":\"2023-12-21T15:47:15+00:00\",\"dateModified\":\"2023-12-21T16:04:25+00:00\",\"breadcrumb\":{\"@id\":\"https:\/\/www.franz-josef.cz\/2023\/12\/hostka-u-steti-busta-cisare-fji\/#breadcrumb\"},\"inLanguage\":\"en-GB\",\"potentialAction\":[{\"@type\":\"ReadAction\",\"target\":[\"https:\/\/www.franz-josef.cz\/2023\/12\/hostka-u-steti-busta-cisare-fji\/\"]}]},{\"@type\":\"ImageObject\",\"inLanguage\":\"en-GB\",\"@id\":\"https:\/\/www.franz-josef.cz\/2023\/12\/hostka-u-steti-busta-cisare-fji\/#primaryimage\",\"url\":\"https:\/\/www.franz-josef.cz\/wp-content\/uploads\/2023\/12\/danekhostka_5597ret-scaled.jpg\",\"contentUrl\":\"https:\/\/www.franz-josef.cz\/wp-content\/uploads\/2023\/12\/danekhostka_5597ret-scaled.jpg\",\"width\":2166,\"height\":2560},{\"@type\":\"BreadcrumbList\",\"@id\":\"https:\/\/www.franz-josef.cz\/2023\/12\/hostka-u-steti-busta-cisare-fji\/#breadcrumb\",\"itemListElement\":[{\"@type\":\"ListItem\",\"position\":1,\"name\":\"Home\",\"item\":\"https:\/\/www.franz-josef.cz\/\"},{\"@type\":\"ListItem\",\"position\":2,\"name\":\"HO\u0160TKA U \u0160T\u011aT\u00cd, BUSTA C\u00cdSA\u0158E FJI\"}]},{\"@type\":\"WebSite\",\"@id\":\"https:\/\/www.franz-josef.cz\/#website\",\"url\":\"https:\/\/www.franz-josef.cz\/\",\"name\":\"Muzeum c\u00edsa\u0159e Franz Josefa I.\",\"description\":\"\",\"publisher\":{\"@id\":\"https:\/\/www.franz-josef.cz\/#organization\"},\"alternateName\":\"Franz Joseph\",\"potentialAction\":[{\"@type\":\"SearchAction\",\"target\":{\"@type\":\"EntryPoint\",\"urlTemplate\":\"https:\/\/www.franz-josef.cz\/?s={search_term_string}\"},\"query-input\":{\"@type\":\"PropertyValueSpecification\",\"valueRequired\":true,\"valueName\":\"search_term_string\"}}],\"inLanguage\":\"en-GB\"},{\"@type\":\"Organization\",\"@id\":\"https:\/\/www.franz-josef.cz\/#organization\",\"name\":\"Muzeum Franz Josefa I.\",\"alternateName\":\"Franz Jozef\",\"url\":\"https:\/\/www.franz-josef.cz\/\",\"logo\":{\"@type\":\"ImageObject\",\"inLanguage\":\"en-GB\",\"@id\":\"https:\/\/www.franz-josef.cz\/#\/schema\/logo\/image\/\",\"url\":\"https:\/\/www.franz-josef.cz\/wp-content\/uploads\/2023\/08\/Muzeum-Franz-Jozef-logo-696x696-1.png\",\"contentUrl\":\"https:\/\/www.franz-josef.cz\/wp-content\/uploads\/2023\/08\/Muzeum-Franz-Jozef-logo-696x696-1.png\",\"width\":696,\"height\":696,\"caption\":\"Muzeum Franz Josefa I.\"},\"image\":{\"@id\":\"https:\/\/www.franz-josef.cz\/#\/schema\/logo\/image\/\"}},{\"@type\":\"Person\",\"@id\":\"https:\/\/www.franz-josef.cz\/#\/schema\/person\/e1b307480319ee78798e96cee74e07e9\",\"name\":\"Ji\u0159\u00ed Dan\u011bk\",\"image\":{\"@type\":\"ImageObject\",\"inLanguage\":\"en-GB\",\"@id\":\"https:\/\/secure.gravatar.com\/avatar\/d5df65f07517a4ba2172682ed1006eabfcee27bfdf0a924dcc5535b72af5d4bf?s=96&d=mm&r=g\",\"url\":\"https:\/\/secure.gravatar.com\/avatar\/d5df65f07517a4ba2172682ed1006eabfcee27bfdf0a924dcc5535b72af5d4bf?s=96&d=mm&r=g\",\"contentUrl\":\"https:\/\/secure.gravatar.com\/avatar\/d5df65f07517a4ba2172682ed1006eabfcee27bfdf0a924dcc5535b72af5d4bf?s=96&d=mm&r=g\",\"caption\":\"Ji\u0159\u00ed Dan\u011bk\"},\"url\":\"https:\/\/www.franz-josef.cz\/en\/author\/jiridanek\/\"}]}<\/script>\n<!-- \/ Yoast SEO Premium plugin. -->","yoast_head_json":{"title":"HO\u0160TKA U \u0160T\u011aT\u00cd, BUSTA C\u00cdSA\u0158E FJI &#8212; Muzeum c\u00edsa\u0159e Franz Josefa I.","robots":{"index":"index","follow":"follow","max-snippet":"max-snippet:-1","max-image-preview":"max-image-preview:large","max-video-preview":"max-video-preview:-1"},"canonical":"https:\/\/www.franz-josef.cz\/en\/2023\/12\/hostka-u-steti-busta-cisare-fji\/","og_locale":"en_GB","og_type":"article","og_title":"HO\u0160TKA U \u0160T\u011aT\u00cd, BUSTA C\u00cdSA\u0158E FJI","og_description":"Ke konci 19. stolet\u00ed st\u00e1val na mal\u00e9m n\u00e1m\u011bst\u00ed c\u00edsa\u0159e Josefa II. vpravo naho\u0159e od hlavn\u00edho n\u00e1m\u011bst\u00ed pomn\u00edk s bustou c\u00edsa\u0159e Josefa II. Po z\u00e1niku Rakousko-Uherska byla busta Josefa II. odstran\u011bna, ale podstavec z\u016fstal na p\u016fvodn\u00edm m\u00edst\u011b. \u00a0Kdy\u017e se bl\u00ed\u017eilo 80. v\u00fdro\u010d\u00ed zalo\u017een\u00ed \u010desk\u00e9 \u0161koly v Ho\u0161tce (1918 \u2013 1998), rozhodlo se veden\u00ed m\u011bsta, \u017ee na [&hellip;]","og_url":"https:\/\/www.franz-josef.cz\/en\/2023\/12\/hostka-u-steti-busta-cisare-fji\/","og_site_name":"Muzeum c\u00edsa\u0159e Franz Josefa I.","article_published_time":"2023-12-21T15:47:15+00:00","article_modified_time":"2023-12-21T16:04:25+00:00","og_image":[{"width":2166,"height":2560,"url":"https:\/\/www.franz-josef.cz\/wp-content\/uploads\/2023\/12\/danekhostka_5597ret-scaled.jpg","type":"image\/jpeg"}],"author":"Ji\u0159\u00ed Dan\u011bk","twitter_card":"summary_large_image","twitter_misc":{"Written by":"Ji\u0159\u00ed Dan\u011bk","Estimated reading time":"2 minutes"},"schema":{"@context":"https:\/\/schema.org","@graph":[{"@type":"Article","@id":"https:\/\/www.franz-josef.cz\/2023\/12\/hostka-u-steti-busta-cisare-fji\/#article","isPartOf":{"@id":"https:\/\/www.franz-josef.cz\/2023\/12\/hostka-u-steti-busta-cisare-fji\/"},"author":{"name":"Ji\u0159\u00ed Dan\u011bk","@id":"https:\/\/www.franz-josef.cz\/#\/schema\/person\/e1b307480319ee78798e96cee74e07e9"},"headline":"HO\u0160TKA U \u0160T\u011aT\u00cd, BUSTA C\u00cdSA\u0158E FJI","datePublished":"2023-12-21T15:47:15+00:00","dateModified":"2023-12-21T16:04:25+00:00","mainEntityOfPage":{"@id":"https:\/\/www.franz-josef.cz\/2023\/12\/hostka-u-steti-busta-cisare-fji\/"},"wordCount":358,"commentCount":0,"publisher":{"@id":"https:\/\/www.franz-josef.cz\/#organization"},"image":{"@id":"https:\/\/www.franz-josef.cz\/2023\/12\/hostka-u-steti-busta-cisare-fji\/#primaryimage"},"thumbnailUrl":"https:\/\/www.franz-josef.cz\/wp-content\/uploads\/2023\/12\/danekhostka_5597ret-scaled.jpg","articleSection":["Uncategorized"],"inLanguage":"en-GB","potentialAction":[{"@type":"CommentAction","name":"Comment","target":["https:\/\/www.franz-josef.cz\/2023\/12\/hostka-u-steti-busta-cisare-fji\/#respond"]}]},{"@type":"WebPage","@id":"https:\/\/www.franz-josef.cz\/2023\/12\/hostka-u-steti-busta-cisare-fji\/","url":"https:\/\/www.franz-josef.cz\/2023\/12\/hostka-u-steti-busta-cisare-fji\/","name":"HO\u0160TKA U \u0160T\u011aT\u00cd, BUSTA C\u00cdSA\u0158E FJI &#8212; Muzeum c\u00edsa\u0159e Franz Josefa I.","isPartOf":{"@id":"https:\/\/www.franz-josef.cz\/#website"},"primaryImageOfPage":{"@id":"https:\/\/www.franz-josef.cz\/2023\/12\/hostka-u-steti-busta-cisare-fji\/#primaryimage"},"image":{"@id":"https:\/\/www.franz-josef.cz\/2023\/12\/hostka-u-steti-busta-cisare-fji\/#primaryimage"},"thumbnailUrl":"https:\/\/www.franz-josef.cz\/wp-content\/uploads\/2023\/12\/danekhostka_5597ret-scaled.jpg","datePublished":"2023-12-21T15:47:15+00:00","dateModified":"2023-12-21T16:04:25+00:00","breadcrumb":{"@id":"https:\/\/www.franz-josef.cz\/2023\/12\/hostka-u-steti-busta-cisare-fji\/#breadcrumb"},"inLanguage":"en-GB","potentialAction":[{"@type":"ReadAction","target":["https:\/\/www.franz-josef.cz\/2023\/12\/hostka-u-steti-busta-cisare-fji\/"]}]},{"@type":"ImageObject","inLanguage":"en-GB","@id":"https:\/\/www.franz-josef.cz\/2023\/12\/hostka-u-steti-busta-cisare-fji\/#primaryimage","url":"https:\/\/www.franz-josef.cz\/wp-content\/uploads\/2023\/12\/danekhostka_5597ret-scaled.jpg","contentUrl":"https:\/\/www.franz-josef.cz\/wp-content\/uploads\/2023\/12\/danekhostka_5597ret-scaled.jpg","width":2166,"height":2560},{"@type":"BreadcrumbList","@id":"https:\/\/www.franz-josef.cz\/2023\/12\/hostka-u-steti-busta-cisare-fji\/#breadcrumb","itemListElement":[{"@type":"ListItem","position":1,"name":"Home","item":"https:\/\/www.franz-josef.cz\/"},{"@type":"ListItem","position":2,"name":"HO\u0160TKA U \u0160T\u011aT\u00cd, BUSTA C\u00cdSA\u0158E FJI"}]},{"@type":"WebSite","@id":"https:\/\/www.franz-josef.cz\/#website","url":"https:\/\/www.franz-josef.cz\/","name":"Muzeum c\u00edsa\u0159e Franz Josefa I.","description":"","publisher":{"@id":"https:\/\/www.franz-josef.cz\/#organization"},"alternateName":"Franz Joseph","potentialAction":[{"@type":"SearchAction","target":{"@type":"EntryPoint","urlTemplate":"https:\/\/www.franz-josef.cz\/?s={search_term_string}"},"query-input":{"@type":"PropertyValueSpecification","valueRequired":true,"valueName":"search_term_string"}}],"inLanguage":"en-GB"},{"@type":"Organization","@id":"https:\/\/www.franz-josef.cz\/#organization","name":"Muzeum Franz Josefa I.","alternateName":"Franz Jozef","url":"https:\/\/www.franz-josef.cz\/","logo":{"@type":"ImageObject","inLanguage":"en-GB","@id":"https:\/\/www.franz-josef.cz\/#\/schema\/logo\/image\/","url":"https:\/\/www.franz-josef.cz\/wp-content\/uploads\/2023\/08\/Muzeum-Franz-Jozef-logo-696x696-1.png","contentUrl":"https:\/\/www.franz-josef.cz\/wp-content\/uploads\/2023\/08\/Muzeum-Franz-Jozef-logo-696x696-1.png","width":696,"height":696,"caption":"Muzeum Franz Josefa I."},"image":{"@id":"https:\/\/www.franz-josef.cz\/#\/schema\/logo\/image\/"}},{"@type":"Person","@id":"https:\/\/www.franz-josef.cz\/#\/schema\/person\/e1b307480319ee78798e96cee74e07e9","name":"Ji\u0159\u00ed Dan\u011bk","image":{"@type":"ImageObject","inLanguage":"en-GB","@id":"https:\/\/secure.gravatar.com\/avatar\/d5df65f07517a4ba2172682ed1006eabfcee27bfdf0a924dcc5535b72af5d4bf?s=96&d=mm&r=g","url":"https:\/\/secure.gravatar.com\/avatar\/d5df65f07517a4ba2172682ed1006eabfcee27bfdf0a924dcc5535b72af5d4bf?s=96&d=mm&r=g","contentUrl":"https:\/\/secure.gravatar.com\/avatar\/d5df65f07517a4ba2172682ed1006eabfcee27bfdf0a924dcc5535b72af5d4bf?s=96&d=mm&r=g","caption":"Ji\u0159\u00ed Dan\u011bk"},"url":"https:\/\/www.franz-josef.cz\/en\/author\/jiridanek\/"}]}},"_links":{"self":[{"href":"https:\/\/www.franz-josef.cz\/en\/wp-json\/wp\/v2\/posts\/53519","targetHints":{"allow":["GET"]}}],"collection":[{"href":"https:\/\/www.franz-josef.cz\/en\/wp-json\/wp\/v2\/posts"}],"about":[{"href":"https:\/\/www.franz-josef.cz\/en\/wp-json\/wp\/v2\/types\/post"}],"author":[{"embeddable":true,"href":"https:\/\/www.franz-josef.cz\/en\/wp-json\/wp\/v2\/users\/5"}],"replies":[{"embeddable":true,"href":"https:\/\/www.franz-josef.cz\/en\/wp-json\/wp\/v2\/comments?post=53519"}],"version-history":[{"count":3,"href":"https:\/\/www.franz-josef.cz\/en\/wp-json\/wp\/v2\/posts\/53519\/revisions"}],"predecessor-version":[{"id":53527,"href":"https:\/\/www.franz-josef.cz\/en\/wp-json\/wp\/v2\/posts\/53519\/revisions\/53527"}],"wp:featuredmedia":[{"embeddable":true,"href":"https:\/\/www.franz-josef.cz\/en\/wp-json\/wp\/v2\/media\/53521"}],"wp:attachment":[{"href":"https:\/\/www.franz-josef.cz\/en\/wp-json\/wp\/v2\/media?parent=53519"}],"wp:term":[{"taxonomy":"category","embeddable":true,"href":"https:\/\/www.franz-josef.cz\/en\/wp-json\/wp\/v2\/categories?post=53519"},{"taxonomy":"post_tag","embeddable":true,"href":"https:\/\/www.franz-josef.cz\/en\/wp-json\/wp\/v2\/tags?post=53519"}],"curies":[{"name":"wp","href":"https:\/\/api.w.org\/{rel}","templated":true}]}}